{"id":584,"date":"2024-04-09T14:51:13","date_gmt":"2024-04-09T17:51:13","guid":{"rendered":"https:\/\/redesinodal.com.br\/mob\/?p=584"},"modified":"2024-04-09T14:51:42","modified_gmt":"2024-04-09T17:51:42","slug":"equipes-de-marketing-comunicacao-e-ti-participam-de-qualificacao-no-colegio-teutonia","status":"publish","type":"post","link":"https:\/\/redesinodal.com.br\/mob\/equipes-de-marketing-comunicacao-e-ti-participam-de-qualificacao-no-colegio-teutonia\/","title":{"rendered":"Equipes de Marketing, Comunica\u00e7\u00e3o e TI participam de qualifica\u00e7\u00e3o no Col\u00e9gio Teut\u00f4nia"},"content":{"rendered":"\n<p><em>Primeira edi\u00e7\u00e3o de encontro nacional da Rede Sinodal de Educa\u00e7\u00e3o para as \u00e1reas ocorre nos dias 08 e 09 de abril, contando com cerca de 90 participantes do Rio Grande do Sul, de Santa Catarina e do Paran\u00e1<\/em><\/p>\n\n\n\n<figure class=\"wp-block-image size-large\"><img decoding=\"async\" loading=\"lazy\" width=\"1024\" height=\"615\" src=\"https:\/\/redesinodal.com.br\/mob\/wp-content\/uploads\/2024\/04\/IMG_5030-JORNAL-1024x615.jpg\" alt=\"\" class=\"wp-image-586\" srcset=\"https:\/\/redesinodal.com.br\/mob\/wp-content\/uploads\/2024\/04\/IMG_5030-JORNAL-1024x615.jpg 1024w, https:\/\/redesinodal.com.br\/mob\/wp-content\/uploads\/2024\/04\/IMG_5030-JORNAL-300x180.jpg 300w, https:\/\/redesinodal.com.br\/mob\/wp-content\/uploads\/2024\/04\/IMG_5030-JORNAL-768x461.jpg 768w, https:\/\/redesinodal.com.br\/mob\/wp-content\/uploads\/2024\/04\/IMG_5030-JORNAL-1536x922.jpg 1536w, https:\/\/redesinodal.com.br\/mob\/wp-content\/uploads\/2024\/04\/IMG_5030-JORNAL-2048x1229.jpg 2048w, https:\/\/redesinodal.com.br\/mob\/wp-content\/uploads\/2024\/04\/IMG_5030-JORNAL-243x146.jpg 243w, https:\/\/redesinodal.com.br\/mob\/wp-content\/uploads\/2024\/04\/IMG_5030-JORNAL-50x30.jpg 50w, https:\/\/redesinodal.com.br\/mob\/wp-content\/uploads\/2024\/04\/IMG_5030-JORNAL-125x75.jpg 125w, https:\/\/redesinodal.com.br\/mob\/wp-content\/uploads\/2024\/04\/IMG_5030-JORNAL-480x288.jpg 480w\" sizes=\"(max-width: 1024px) 100vw, 1024px\" \/><figcaption class=\"wp-element-caption\">Criatividade, inova\u00e7\u00e3o e estrat\u00e9gias s\u00e3o o foco do 1\u00ba ENCOMTI<\/figcaption><\/figure>\n\n\n\n<p>Criatividade, inova\u00e7\u00e3o e estrat\u00e9gias s\u00e3o o foco do 1\u00ba Encontro Nacional de Equipes de Marketing, Comunica\u00e7\u00e3o e Tecnologias da Informa\u00e7\u00e3o (ENCOMTI) da Rede Sinodal de Educa\u00e7\u00e3o (RSE), realiza\u00e7\u00e3o do Col\u00e9gio Teut\u00f4nia. O evento iniciou nesta segunda-feira (08) e ter\u00e1 continuidade amanh\u00e3 (09), em Teut\u00f4nia\/RS.<\/p>\n\n\n\n<p>Com ciclo de palestras e oficinas, al\u00e9m de momentos culturais, de integra\u00e7\u00e3o, de encontros e troca de experi\u00eancias, aproximadamente 90 pessoas participam das atividades, representando escolas integrantes da RSE dos estados do Rio Grande do Sul, Santa Catarina e Paran\u00e1.<\/p>\n\n\n\n<p>O diretor do Col\u00e9gio Teut\u00f4nia, Mauro Alberto N\u00fcske, valorizou a oportunidade de troca de informa\u00e7\u00f5es e novos conhecimentos. \u201cAl\u00e9m das abordagens em palestras e oficinas, o ENCOMTI \u00e9 um momento especial para novas experi\u00eancias e muitas viv\u00eancias, em \u00e1reas que ainda n\u00e3o contavam com espa\u00e7o espec\u00edfico na vasta programa\u00e7\u00e3o de eventos formativos e de planejamento oportunizados pela Rede Sinodal de Educa\u00e7\u00e3o, a quem agradecemos pela oportunidade para organiza\u00e7\u00e3o da primeira edi\u00e7\u00e3o\u201d, frisou.<\/p>\n\n\n\n<p><strong>Estamos em Rede<\/strong><\/p>\n\n\n\n<p>O diretor executivo da RSE, Jonas R\u00fcckert, abriu a programa\u00e7\u00e3o com a fala \u201cEstamos em Rede\u201d, reafirmando a relev\u00e2ncia da tem\u00e1tica do ENCOMTI. \u201cA proposta nasceu em um dos nossos&nbsp;Semin\u00e1rios de Diretores, quando entendeu-se a necessidade de tratarmos das pautas que est\u00e3o na programa\u00e7\u00e3o e s\u00e3o imensamente relevantes no cotidiano das nossas escolas\u201d, disse.<\/p>\n\n\n\n<p>Ele tamb\u00e9m abordou o conceito de rede no conjunto de escolas, as caracter\u00edsticas, valores e princ\u00edpios da RSE, bem como a\u00e7\u00f5es do Planejamento Estrat\u00e9gico. \u201cA centralidade das nossas a\u00e7\u00f5es est\u00e1 na rela\u00e7\u00e3o de gente para gente, pois as pessoas t\u00eam a capacidade de transformar o mundo. Isso tamb\u00e9m perpassa pela forma como nos comunicamos, nas nossas estrat\u00e9gias e posicionamentos\u201d, afirmou R\u00fcckert, valorizando o p\u00fablico-alvo do Encontro. \u201cIniciamos mais uma hist\u00f3ria importante da nossa Rede Sinodal de Educa\u00e7\u00e3o com setores que precisam ser potencializados pelas suas responsabilidades e compet\u00eancias. O ENCOMTI se soma aos 74 eventos do calend\u00e1rio formativo da RSE em 2024. Juntos constru\u00edmos possibilidades, fortalecendo o trabalho e buscando continuamente a profissionaliza\u00e7\u00e3o em todos os nossos fazeres. Nossas escolas chegaram onde est\u00e3o com muita devo\u00e7\u00e3o, muita transpira\u00e7\u00e3o e trabalho\u201d, concluiu.<\/p>\n\n\n\n<p><strong>Educa\u00e7\u00e3o, avan\u00e7o da tecnologia e gest\u00e3o do tempo<\/strong><\/p>\n\n\n\n<figure class=\"wp-block-image size-large\"><img decoding=\"async\" loading=\"lazy\" width=\"1024\" height=\"694\" src=\"https:\/\/redesinodal.com.br\/mob\/wp-content\/uploads\/2024\/04\/IMG_5013-JORNAL-1-1024x694.jpg\" alt=\"\" class=\"wp-image-585\" srcset=\"https:\/\/redesinodal.com.br\/mob\/wp-content\/uploads\/2024\/04\/IMG_5013-JORNAL-1-1024x694.jpg 1024w, https:\/\/redesinodal.com.br\/mob\/wp-content\/uploads\/2024\/04\/IMG_5013-JORNAL-1-300x203.jpg 300w, https:\/\/redesinodal.com.br\/mob\/wp-content\/uploads\/2024\/04\/IMG_5013-JORNAL-1-768x520.jpg 768w, https:\/\/redesinodal.com.br\/mob\/wp-content\/uploads\/2024\/04\/IMG_5013-JORNAL-1-1536x1041.jpg 1536w, https:\/\/redesinodal.com.br\/mob\/wp-content\/uploads\/2024\/04\/IMG_5013-JORNAL-1-2048x1388.jpg 2048w, https:\/\/redesinodal.com.br\/mob\/wp-content\/uploads\/2024\/04\/IMG_5013-JORNAL-1-215x146.jpg 215w, https:\/\/redesinodal.com.br\/mob\/wp-content\/uploads\/2024\/04\/IMG_5013-JORNAL-1-50x34.jpg 50w, https:\/\/redesinodal.com.br\/mob\/wp-content\/uploads\/2024\/04\/IMG_5013-JORNAL-1-111x75.jpg 111w, https:\/\/redesinodal.com.br\/mob\/wp-content\/uploads\/2024\/04\/IMG_5013-JORNAL-1-480x325.jpg 480w\" sizes=\"(max-width: 1024px) 100vw, 1024px\" \/><figcaption class=\"wp-element-caption\">Sperb sobre\u00a0Intelig\u00eancia Artificial: \u201cN\u00e3o se trata de uma ferramenta, mas uma extens\u00e3o da nossa intelig\u00eancia\u201d<\/figcaption><\/figure>\n\n\n\n<p>\u201c<em>Design First<\/em>: o papel secund\u00e1rio da tecnologia\u201d foi tema da palestra do especialista em Educa\u00e7\u00e3o e Coordena\u00e7\u00e3o Pedag\u00f3gica, doutor em Criatividade e mestre em Engenharia de Produ\u00e7\u00e3o, Daniel Quintana Sperb. \u201cDesign&nbsp;n\u00e3o \u00e9 apenas uma quest\u00e3o de est\u00e9tica, mas do desenho de neg\u00f3cios, de curr\u00edculo, de sistemas, de processos e de experi\u00eancias. O conceito e as formas de utiliza\u00e7\u00e3o do design evolu\u00edram para al\u00e9m de um produto de comunica\u00e7\u00e3o visual, alcan\u00e7ando a estrat\u00e9gia de resolu\u00e7\u00e3o de problemas e de diferencia\u00e7\u00e3o no mundo corporativo\u201d, explicou.<\/p>\n\n\n\n<p>Com exemplos pr\u00e1ticos, o palestrante falou de formas de inovar, abordando&nbsp;modelo de neg\u00f3cio, rede, estrutura, processo, desempenho do produto, sistema de produto, servi\u00e7o, canal, marca e envolvimento do cliente. \u201c\u00c9 preciso identificar o que as pessoas desejam. Em educa\u00e7\u00e3o, \u00e9 fundamental entender as necessidades reais dos estudantes, pensar nas experi\u00eancias do aluno, que deve estar no centro de tudo para as escolas\u201d, afirmou.<\/p>\n\n\n\n<p>Sperb ainda chamou aten\u00e7\u00e3o para Intelig\u00eancia Artificial. \u201cN\u00e3o se trata de uma ferramenta, mas uma extens\u00e3o da nossa intelig\u00eancia. Inovar se tornou quest\u00e3o de sobreviv\u00eancia, com a transforma\u00e7\u00e3o digital indo al\u00e9m da simples digitaliza\u00e7\u00e3o de processos anal\u00f3gicos, que na verdade deveriam ser redesenhados. N\u00e3o h\u00e1 como parar o avan\u00e7o tecnol\u00f3gico, mas podemos equacionar nosso tempo e precisamos perder o medo de experimentar a tecnologia. A Intelig\u00eancia Artificial est\u00e1 redefinindo a criatividade\u201d, concluiu.<\/p>\n\n\n\n<p><strong>Oficinas<\/strong><\/p>\n\n\n\n<figure class=\"wp-block-image size-large\"><img decoding=\"async\" loading=\"lazy\" width=\"1024\" height=\"768\" src=\"https:\/\/redesinodal.com.br\/mob\/wp-content\/uploads\/2024\/04\/IMG_5058-JORNAL-1024x768.jpg\" alt=\"\" class=\"wp-image-587\" srcset=\"https:\/\/redesinodal.com.br\/mob\/wp-content\/uploads\/2024\/04\/IMG_5058-JORNAL-1024x768.jpg 1024w, https:\/\/redesinodal.com.br\/mob\/wp-content\/uploads\/2024\/04\/IMG_5058-JORNAL-300x225.jpg 300w, https:\/\/redesinodal.com.br\/mob\/wp-content\/uploads\/2024\/04\/IMG_5058-JORNAL-768x576.jpg 768w, https:\/\/redesinodal.com.br\/mob\/wp-content\/uploads\/2024\/04\/IMG_5058-JORNAL-1536x1152.jpg 1536w, https:\/\/redesinodal.com.br\/mob\/wp-content\/uploads\/2024\/04\/IMG_5058-JORNAL-2048x1536.jpg 2048w, https:\/\/redesinodal.com.br\/mob\/wp-content\/uploads\/2024\/04\/IMG_5058-JORNAL-195x146.jpg 195w, https:\/\/redesinodal.com.br\/mob\/wp-content\/uploads\/2024\/04\/IMG_5058-JORNAL-50x38.jpg 50w, https:\/\/redesinodal.com.br\/mob\/wp-content\/uploads\/2024\/04\/IMG_5058-JORNAL-100x75.jpg 100w, https:\/\/redesinodal.com.br\/mob\/wp-content\/uploads\/2024\/04\/IMG_5058-JORNAL-480x360.jpg 480w\" sizes=\"(max-width: 1024px) 100vw, 1024px\" \/><figcaption class=\"wp-element-caption\">Oficinas abordaram quest\u00f5es relacionados \u00e0 comunica\u00e7\u00e3o, ao marketing e \u00e0 TI<\/figcaption><\/figure>\n\n\n\n<p>\u00c0 tarde a programa\u00e7\u00e3o teve continuidade com as oficinas \u201cO melhor story para a sua escola\u201d, \u201cBranding Institucional\u201d, \u201cRedes sociais na educa\u00e7\u00e3o: estrat\u00e9gias para o sucesso institucional\u201d, \u201cTransformando a gest\u00e3o escolar com\u00a0<em>Google for Education\u00a0<\/em>e IA\u201d, \u201cEstrat\u00e9gias para rede cabeada e sem fio\u201d e \u201cGest\u00e3o da comunica\u00e7\u00e3o com aplicativos\u201d, que foram ministradas por profissionais de diferentes \u00e1reas.<\/p>\n\n\n\n<p>O diretor do&nbsp;Col\u00e9gio Evang\u00e9lico Martin Luther, de Marechal C\u00e2ndido Rondon\/PR, Ildemar Kanitz, parabenizou a organiza\u00e7\u00e3o do evento e sua tem\u00e1tica. \u201c\u00c9 uma discuss\u00e3o necess\u00e1ria e que deve ser permanente, possibilitando uma maior sintonia entre as escolas da Rede Sinodal de Educa\u00e7\u00e3o e atualiza\u00e7\u00e3o com rela\u00e7\u00e3o aos atuais cen\u00e1rios relacionados \u00e0 comunica\u00e7\u00e3o e tecnologia da informa\u00e7\u00e3o. O ENCOMTI \u00e9 um evento muito positivo, que veio para ficar. Esta primeira edi\u00e7\u00e3o nos brinda com uma s\u00e9rie de palestras e oficinas abrangentes, indo ao encontro da realidade e das necessidades das escolas\u201d, valorizou.<\/p>\n\n\n\n<p><strong>Programa\u00e7\u00e3o<\/strong><\/p>\n\n\n\n<p>O encerramento do primeiro dia do ENCOMTI contou com visita\u00e7\u00e3o \u00e0s instala\u00e7\u00f5es do Col\u00e9gio Teut\u00f4nia e jantar festivo. O evento ter\u00e1 continuidade na manh\u00e3 desta ter\u00e7a-feira com a palestra \u201cPossibilidades da Intelig\u00eancia Artificial Generativa\u201d, com Edson Ahlert, profissional com forma\u00e7\u00e3o em Tecnologia em Redes de Computadores, especializa\u00e7\u00e3o em Tecnologias na Educa\u00e7\u00e3o e mestrado em Ambiente e Desenvolvimento, professor universit\u00e1rio e com atua\u00e7\u00e3o destacada em projetos de inova\u00e7\u00e3o educacional; a palestra \u201cEstrat\u00e9gias de marketing para atra\u00e7\u00e3o e fideliza\u00e7\u00e3o de alunos e fam\u00edlias\u201d, com Raphael Dias, profissional de marketing com experi\u00eancia em Marketing Educacional, especialista em produ\u00e7\u00e3o de conte\u00fado, assessoria em escolas e palestras sobre estrat\u00e9gias de marketing pelo Brasil; e a palestra \u201cTI &amp; Marketing na era P\u00f3s Intelig\u00eancia Artificial: o que fazer e como se preparar?\u201d, com Juliano Kimura, palestrante do Facebook Brasil, autor do \u201cLivro secreto das redes sociais\u201d, eleito duas vezes melhor profissional de redes sociais pela ABCOMM e certificado em Transforma\u00e7\u00e3o Digital, Tecnologias e Aplica\u00e7\u00f5es.<\/p>\n\n\n\n<p>O 1\u00ba ENCOMTI \u00e9 uma realiza\u00e7\u00e3o do Col\u00e9gio Teut\u00f4nia, promo\u00e7\u00e3o da Rede Sinodal de Educa\u00e7\u00e3o, com o apoio de Gr\u00e1fica e Comunica\u00e7\u00e3o Visual Dallas, Starline Telefonia, BNS Expresscard, Clip Escola, Dilin Inform\u00e1tica, Elefante Letrado, BR Bandeiras Comunica\u00e7\u00e3o Visual, Reeducation e Google for Education.<\/p>\n","protected":false},"excerpt":{"rendered":"<p>Primeira edi\u00e7\u00e3o de encontro nacional da Rede Sinodal de Educa\u00e7\u00e3o para as \u00e1reas ocorre nos dias 08 e 09 de abril, contando com cerca de 90<span class=\"excerpt-hellip\"> [\u2026]<\/span><\/p>\n","protected":false},"author":2,"featured_media":586,"comment_status":"open","ping_status":"open","sticky":false,"template":"","format":"standard","meta":[],"categories":[1],"tags":[],"_links":{"self":[{"href":"https:\/\/redesinodal.com.br\/mob\/wp-json\/wp\/v2\/posts\/584"}],"collection":[{"href":"https:\/\/redesinodal.com.br\/mob\/wp-json\/wp\/v2\/posts"}],"about":[{"href":"https:\/\/redesinodal.com.br\/mob\/wp-json\/wp\/v2\/types\/post"}],"author":[{"embeddable":true,"href":"https:\/\/redesinodal.com.br\/mob\/wp-json\/wp\/v2\/users\/2"}],"replies":[{"embeddable":true,"href":"https:\/\/redesinodal.com.br\/mob\/wp-json\/wp\/v2\/comments?post=584"}],"version-history":[{"count":1,"href":"https:\/\/redesinodal.com.br\/mob\/wp-json\/wp\/v2\/posts\/584\/revisions"}],"predecessor-version":[{"id":588,"href":"https:\/\/redesinodal.com.br\/mob\/wp-json\/wp\/v2\/posts\/584\/revisions\/588"}],"wp:featuredmedia":[{"embeddable":true,"href":"https:\/\/redesinodal.com.br\/mob\/wp-json\/wp\/v2\/media\/586"}],"wp:attachment":[{"href":"https:\/\/redesinodal.com.br\/mob\/wp-json\/wp\/v2\/media?parent=584"}],"wp:term":[{"taxonomy":"category","embeddable":true,"href":"https:\/\/redesinodal.com.br\/mob\/wp-json\/wp\/v2\/categories?post=584"},{"taxonomy":"post_tag","embeddable":true,"href":"https:\/\/redesinodal.com.br\/mob\/wp-json\/wp\/v2\/tags?post=584"}],"curies":[{"name":"wp","href":"https:\/\/api.w.org\/{rel}","templated":true}]}}