{"id":775,"date":"2025-09-10T10:25:34","date_gmt":"2025-09-10T13:25:34","guid":{"rendered":"https:\/\/redesinodal.com.br\/mob\/?p=775"},"modified":"2025-09-10T10:25:36","modified_gmt":"2025-09-10T13:25:36","slug":"musica-une-escolas-e-coracoes-no-encontro-nacional-da-rede-sinodal","status":"publish","type":"post","link":"https:\/\/redesinodal.com.br\/mob\/musica-une-escolas-e-coracoes-no-encontro-nacional-da-rede-sinodal\/","title":{"rendered":"M\u00fasica une escolas e cora\u00e7\u00f5es no Encontro Nacional da Rede Sinodal"},"content":{"rendered":"\n<p><strong><em>Realizado em Santa Cruz do Sul e Joinville, evento reuniu mais de 650 jovens instrumentistas em tr\u00eas dias de cultura, integra\u00e7\u00e3o e f\u00e9<\/em><\/strong><\/p>\n\n\n\n<figure class=\"wp-block-image size-large\"><img decoding=\"async\" loading=\"lazy\" width=\"1024\" height=\"684\" src=\"https:\/\/redesinodal.com.br\/mob\/wp-content\/uploads\/2025\/09\/03-1024x684.jpg\" alt=\"\" class=\"wp-image-777\" srcset=\"https:\/\/redesinodal.com.br\/mob\/wp-content\/uploads\/2025\/09\/03-1024x684.jpg 1024w, https:\/\/redesinodal.com.br\/mob\/wp-content\/uploads\/2025\/09\/03-300x200.jpg 300w, https:\/\/redesinodal.com.br\/mob\/wp-content\/uploads\/2025\/09\/03-768x513.jpg 768w, https:\/\/redesinodal.com.br\/mob\/wp-content\/uploads\/2025\/09\/03-1536x1025.jpg 1536w, https:\/\/redesinodal.com.br\/mob\/wp-content\/uploads\/2025\/09\/03-2048x1367.jpg 2048w, https:\/\/redesinodal.com.br\/mob\/wp-content\/uploads\/2025\/09\/03-219x146.jpg 219w, https:\/\/redesinodal.com.br\/mob\/wp-content\/uploads\/2025\/09\/03-50x33.jpg 50w, https:\/\/redesinodal.com.br\/mob\/wp-content\/uploads\/2025\/09\/03-112x75.jpg 112w, https:\/\/redesinodal.com.br\/mob\/wp-content\/uploads\/2025\/09\/03-480x320.jpg 480w\" sizes=\"(max-width: 1024px) 100vw, 1024px\" \/><figcaption class=\"wp-element-caption\">Ensaios, apresenta\u00e7\u00f5es individuais, por naipes e em grupos marcaram a programa\u00e7\u00e3o, sempre entremeada por momentos de conviv\u00eancia e integra\u00e7\u00e3o<\/figcaption><\/figure>\n\n\n\n<p>Mais do que notas musicais, o que ecoou foi a for\u00e7a da uni\u00e3o, da tradi\u00e7\u00e3o e da cultura. De 28 a 30 de agosto, a Rede Sinodal de Educa\u00e7\u00e3o promoveu o 43\u00ba Encontro Nacional de Conjuntos Instrumentais (ENCORE), um dos seus eventos culturais mais tradicionais. Organizados em duas sedes, no Col\u00e9gio Mau\u00e1, em Santa Cruz do Sul\/RS, e no Col\u00e9gio Bonja, em Joinville\/SC, mais de 650 jovens musicistas, do Ensino Fundamental ao Ensino M\u00e9dio, viveram tr\u00eas dias intensos de ensaios, apresenta\u00e7\u00f5es, trocas e confraterniza\u00e7\u00e3o. Al\u00e9m da m\u00fasica, os estudantes foram acolhidos em lares das comunidades, fortalecendo v\u00ednculos e criando novas amizades, uma marca afetiva que vai al\u00e9m dos palcos.<\/p>\n\n\n\n<p><strong>M\u00fasica e mem\u00f3ria em Joinville<\/strong><\/p>\n\n\n\n<figure class=\"wp-block-image size-large\"><img decoding=\"async\" loading=\"lazy\" width=\"1024\" height=\"576\" src=\"https:\/\/redesinodal.com.br\/mob\/wp-content\/uploads\/2025\/09\/02-1024x576.jpg\" alt=\"\" class=\"wp-image-778\" srcset=\"https:\/\/redesinodal.com.br\/mob\/wp-content\/uploads\/2025\/09\/02-1024x576.jpg 1024w, https:\/\/redesinodal.com.br\/mob\/wp-content\/uploads\/2025\/09\/02-300x169.jpg 300w, https:\/\/redesinodal.com.br\/mob\/wp-content\/uploads\/2025\/09\/02-768x432.jpg 768w, https:\/\/redesinodal.com.br\/mob\/wp-content\/uploads\/2025\/09\/02-1536x863.jpg 1536w, https:\/\/redesinodal.com.br\/mob\/wp-content\/uploads\/2025\/09\/02-2048x1151.jpg 2048w, https:\/\/redesinodal.com.br\/mob\/wp-content\/uploads\/2025\/09\/02-260x146.jpg 260w, https:\/\/redesinodal.com.br\/mob\/wp-content\/uploads\/2025\/09\/02-50x28.jpg 50w, https:\/\/redesinodal.com.br\/mob\/wp-content\/uploads\/2025\/09\/02-133x75.jpg 133w, https:\/\/redesinodal.com.br\/mob\/wp-content\/uploads\/2025\/09\/02-480x270.jpg 480w, https:\/\/redesinodal.com.br\/mob\/wp-content\/uploads\/2025\/09\/02-1200x675.jpg 1200w\" sizes=\"(max-width: 1024px) 100vw, 1024px\" \/><figcaption class=\"wp-element-caption\">Apresenta\u00e7\u00e3o de todos os estudantes na Grande Orquestra em Joinville\/SC<\/figcaption><\/figure>\n\n\n\n<p>No Bonja, cerca de 350 estudantes de 15 escolas de Santa Catarina e do Rio Grande do Sul se encontraram em uma programa\u00e7\u00e3o marcada por m\u00fasica, cultura e hospitalidade. Al\u00e9m do anfitri\u00e3o, estiveram presentes o Col\u00e9gio C\u00f4nsul Carlos Renaux\u00a0(Brusque\/SC), Col\u00e9gio Evang\u00e9lico Jaragu\u00e1\u00a0(Jaragu\u00e1 do Sul\/SC), Escola Bar\u00e3o do Rio Branco (Blumenau\/SC), Col\u00e9gio Pastor Dohms (Porto Alegre\/RS), Col\u00e9gio Sinodal do Salvador\u00a0(Porto Alegre\/RS), Instituto Rio Branco\u00a0(S\u00e3o Leopoldo\/RS), Col\u00e9gio Sinodal Doutor Blumenau\u00a0(Pomerode\/SC), Col\u00e9gio Sinodal\u00a0(S\u00e3o Leopoldo\/RS e Port\u00e3o\/RS), Col\u00e9gio Sinodal da Paz\u00a0(Novo Hamburgo\/RS), Col\u00e9gio Sinodal Progresso (Montenegro\/RS), Col\u00e9gio Sinodal Conventos\u00a0(Lajeado\/RS), Col\u00e9gio Evang\u00e9lico Alberto Torres\u00a0(Lajeado\/RS), Col\u00e9gio Teut\u00f4nia\u00a0(Teut\u00f4nia\/RS) e Col\u00e9gio Rui Barbosa\u00a0(Carazinho\/RS).<\/p>\n\n\n\n<p>O evento tamb\u00e9m foi o ponto inicial dos festejos do centen\u00e1rio do Bonja, comemorados em 2026, que prestou homenagem ao pastor Tito L\u00edvio Lermen, ex-diretor da institui\u00e7\u00e3o e um dos incentivadores da primeira edi\u00e7\u00e3o do ENCORE, em 1980, quando atuava no Col\u00e9gio Evang\u00e9lico Panambi. A entrega do reconhecimento foi feita pelo atual diretor do Bonja, professor Silvio Iung.<\/p>\n\n\n\n<p>O professor Douglas Horst, diretor do 4\u00ba ao 6\u00ba ano do Ensino Fundamental do Bonja, refor\u00e7ou o valor da iniciativa. \u201cFoi uma honra sediar o 43\u00ba ENCORE. Este encontro expressa n\u00e3o apenas a ess\u00eancia do Bonja, mas tamb\u00e9m a for\u00e7a e o prop\u00f3sito da Rede Sinodal de Educa\u00e7\u00e3o, que reconhece na m\u00fasica uma linguagem capaz de unir, emocionar e transformar vidas. O ENCORE \u00e9 \u00fanico porque nasce dessa Rede que valoriza o humano, preserva a tradi\u00e7\u00e3o e inspira a inova\u00e7\u00e3o.\u201d<\/p>\n\n\n\n<p><strong>Integra\u00e7\u00e3o e talento em Santa Cruz do Sul<\/strong><\/p>\n\n\n\n<figure class=\"wp-block-image size-large\"><img decoding=\"async\" loading=\"lazy\" width=\"1024\" height=\"576\" src=\"https:\/\/redesinodal.com.br\/mob\/wp-content\/uploads\/2025\/09\/01-1024x576.jpg\" alt=\"\" class=\"wp-image-776\" srcset=\"https:\/\/redesinodal.com.br\/mob\/wp-content\/uploads\/2025\/09\/01-1024x576.jpg 1024w, https:\/\/redesinodal.com.br\/mob\/wp-content\/uploads\/2025\/09\/01-300x169.jpg 300w, https:\/\/redesinodal.com.br\/mob\/wp-content\/uploads\/2025\/09\/01-768x432.jpg 768w, https:\/\/redesinodal.com.br\/mob\/wp-content\/uploads\/2025\/09\/01-1536x863.jpg 1536w, https:\/\/redesinodal.com.br\/mob\/wp-content\/uploads\/2025\/09\/01-2048x1151.jpg 2048w, https:\/\/redesinodal.com.br\/mob\/wp-content\/uploads\/2025\/09\/01-260x146.jpg 260w, https:\/\/redesinodal.com.br\/mob\/wp-content\/uploads\/2025\/09\/01-50x28.jpg 50w, https:\/\/redesinodal.com.br\/mob\/wp-content\/uploads\/2025\/09\/01-133x75.jpg 133w, https:\/\/redesinodal.com.br\/mob\/wp-content\/uploads\/2025\/09\/01-480x270.jpg 480w, https:\/\/redesinodal.com.br\/mob\/wp-content\/uploads\/2025\/09\/01-1200x675.jpg 1200w\" sizes=\"(max-width: 1024px) 100vw, 1024px\" \/><figcaption class=\"wp-element-caption\">Ensaios, apresenta\u00e7\u00f5es individuais, por naipes e em grupos marcaram a programa\u00e7\u00e3o, sempre entremeada por momentos de conviv\u00eancia e integra\u00e7\u00e3o<\/figcaption><\/figure>\n\n\n\n<p>Na outra sede, o Col\u00e9gio Mau\u00e1\u00a0recebeu cerca de 300 jovens de 16 escolas do Rio Grande do Sul. Participaram o Col\u00e9gio Evang\u00e9lico Divino Mestre\u00a0(S\u00e3o Leopoldo\/RS), Centro Sinodal de Ensino M\u00e9dio Sapiranga\u00a0(Sapiranga\/RS), Col\u00e9gio Sinodal Tiradentes\u00a0(Campo Bom\/RS), Col\u00e9gio Sinodal Ibirub\u00e1\u00a0(Ibirub\u00e1\/RS), Col\u00e9gio Sinodal Bar\u00e3o do Rio Branco\u00a0(Cachoeira do Sul\/RS), Instituto Ivoti\u00a0(Ivoti\/RS), Centro Sinodal de Ensino M\u00e9dio Dorothea Sch\u00e4fke\u00a0(Taquara\/RS), Centro de Educa\u00e7\u00e3o B\u00e1sica Gustavo Adolfo\u00a0(Lajeado\/RS), Col\u00e9gio Martin Luther\u00a0(Estrela\/RS), Instituto Sinodal Imigrante\u00a0(Vera Cruz\/RS), Centro Tecnol\u00f3gico Frederico Jorge Logemann (Horizontina\/RS), Col\u00e9gio Gaspar Silveira Martins\u00a0(Ven\u00e2ncio Aires\/RS), SETREM\u00a0(Tr\u00eas de Maio\/RS), Col\u00e9gio Evang\u00e9lico Augusto Pestana\u00a0(Iju\u00ed\/RS) e Col\u00e9gio Evang\u00e9lico Panambi\u00a0(Panambi\/RS), al\u00e9m do anfitri\u00e3o Col\u00e9gio Mau\u00e1.<\/p>\n\n\n\n<p>Ensaios, apresenta\u00e7\u00f5es individuais, por naipes e em grupos marcaram a programa\u00e7\u00e3o, sempre entremeada por momentos de conviv\u00eancia e integra\u00e7\u00e3o. O diretor-geral do Mau\u00e1, professor Nestor Raschen, valorizou a experi\u00eancia. \u201cEstamos muito felizes em sediar novamente este grande evento da Rede Sinodal. Ver a nossa escola repleta de m\u00fasicos, vindos de tantas regi\u00f5es, nos enche de alegria e gratid\u00e3o.\u201d<\/p>\n\n\n\n<figure class=\"wp-block-image size-large is-resized\"><img decoding=\"async\" loading=\"lazy\" src=\"https:\/\/redesinodal.com.br\/mob\/wp-content\/uploads\/2025\/09\/05-1024x684.jpg\" alt=\"\" class=\"wp-image-779\" width=\"840\" height=\"561\" srcset=\"https:\/\/redesinodal.com.br\/mob\/wp-content\/uploads\/2025\/09\/05-1024x684.jpg 1024w, https:\/\/redesinodal.com.br\/mob\/wp-content\/uploads\/2025\/09\/05-300x200.jpg 300w, https:\/\/redesinodal.com.br\/mob\/wp-content\/uploads\/2025\/09\/05-768x513.jpg 768w, https:\/\/redesinodal.com.br\/mob\/wp-content\/uploads\/2025\/09\/05-1536x1025.jpg 1536w, https:\/\/redesinodal.com.br\/mob\/wp-content\/uploads\/2025\/09\/05-2048x1367.jpg 2048w, https:\/\/redesinodal.com.br\/mob\/wp-content\/uploads\/2025\/09\/05-219x146.jpg 219w, https:\/\/redesinodal.com.br\/mob\/wp-content\/uploads\/2025\/09\/05-50x33.jpg 50w, https:\/\/redesinodal.com.br\/mob\/wp-content\/uploads\/2025\/09\/05-112x75.jpg 112w, https:\/\/redesinodal.com.br\/mob\/wp-content\/uploads\/2025\/09\/05-480x320.jpg 480w\" sizes=\"(max-width: 840px) 100vw, 840px\" \/><figcaption class=\"wp-element-caption\">Grande Orquestra na sede do ENCORE em Santa Cruz do Sul\/RS<\/figcaption><\/figure>\n\n\n\n<p>Em ambas as sedes, o momento mais esperado foi a apresenta\u00e7\u00e3o da Grande Orquestra, quando todos os instrumentistas subiram juntos ao palco, transformando diversidade em harmonia e emo\u00e7\u00e3o.<\/p>\n\n\n\n<p><strong>Um legado de f\u00e9 e cultura<\/strong><\/p>\n\n\n\n<p>O diretor-executivo da RSE, Jonas R\u00fcckert, e a coordenadora pedag\u00f3gica da RSE, Renati Fronza Chitolina,&nbsp;ressaltaram o car\u00e1ter formativo do encontro. \u201cPara al\u00e9m dos conte\u00fados em sala de aula, as escolas da Rede Sinodal se apoiam em uma s\u00f3lida forma\u00e7\u00e3o pautada em \u00e9tica, solidariedade e senso de comunidade. Essa \u00e9 a ess\u00eancia da educa\u00e7\u00e3o luterana que abra\u00e7amos, que nos inspira a enxergar cada indiv\u00edduo como um ser \u00fanico, com talentos e potenciais a serem cultivados para o bem comum.\u201d<\/p>\n\n\n\n<p>Assim, o 43\u00ba ENCORE\u00a0reafirmou sua ess\u00eancia como elo entre escolas, cora\u00e7\u00f5es e hist\u00f3rias, traduzindo na m\u00fasica a identidade da Rede Sinodal de Educa\u00e7\u00e3o, marcada pela f\u00e9, pela tradi\u00e7\u00e3o e pela comunh\u00e3o.<\/p>\n\n\n\n<p><\/p>\n\n\n\n<p>TEXTO \u2013 Leandro Augusto Hamester<\/p>\n\n\n\n<p>CR\u00c9DITO DAS FOTOS \u2013 Divulga\u00e7\u00e3o Col\u00e9gio Bonja e Col\u00e9gio Mau\u00e1<\/p>\n","protected":false},"excerpt":{"rendered":"<p>Realizado em Santa Cruz do Sul e Joinville, evento reuniu mais de 650 jovens instrumentistas em tr\u00eas dias de cultura, integra\u00e7\u00e3o e f\u00e9 Mais do que<span class=\"excerpt-hellip\"> [\u2026]<\/span><\/p>\n","protected":false},"author":2,"featured_media":780,"comment_status":"open","ping_status":"open","sticky":false,"template":"","format":"standard","meta":[],"categories":[1],"tags":[],"_links":{"self":[{"href":"https:\/\/redesinodal.com.br\/mob\/wp-json\/wp\/v2\/posts\/775"}],"collection":[{"href":"https:\/\/redesinodal.com.br\/mob\/wp-json\/wp\/v2\/posts"}],"about":[{"href":"https:\/\/redesinodal.com.br\/mob\/wp-json\/wp\/v2\/types\/post"}],"author":[{"embeddable":true,"href":"https:\/\/redesinodal.com.br\/mob\/wp-json\/wp\/v2\/users\/2"}],"replies":[{"embeddable":true,"href":"https:\/\/redesinodal.com.br\/mob\/wp-json\/wp\/v2\/comments?post=775"}],"version-history":[{"count":1,"href":"https:\/\/redesinodal.com.br\/mob\/wp-json\/wp\/v2\/posts\/775\/revisions"}],"predecessor-version":[{"id":781,"href":"https:\/\/redesinodal.com.br\/mob\/wp-json\/wp\/v2\/posts\/775\/revisions\/781"}],"wp:featuredmedia":[{"embeddable":true,"href":"https:\/\/redesinodal.com.br\/mob\/wp-json\/wp\/v2\/media\/780"}],"wp:attachment":[{"href":"https:\/\/redesinodal.com.br\/mob\/wp-json\/wp\/v2\/media?parent=775"}],"wp:term":[{"taxonomy":"category","embeddable":true,"href":"https:\/\/redesinodal.com.br\/mob\/wp-json\/wp\/v2\/categories?post=775"},{"taxonomy":"post_tag","embeddable":true,"href":"https:\/\/redesinodal.com.br\/mob\/wp-json\/wp\/v2\/tags?post=775"}],"curies":[{"name":"wp","href":"https:\/\/api.w.org\/{rel}","templated":true}]}}