{"id":824,"date":"2025-10-17T13:55:46","date_gmt":"2025-10-17T16:55:46","guid":{"rendered":"https:\/\/redesinodal.com.br\/mob\/?p=824"},"modified":"2025-10-22T15:32:17","modified_gmt":"2025-10-22T18:32:17","slug":"mais-de-600-atletas-participam-das-disputas-de-volei-e-basquete-no-parana","status":"publish","type":"post","link":"https:\/\/redesinodal.com.br\/mob\/mais-de-600-atletas-participam-das-disputas-de-volei-e-basquete-no-parana\/","title":{"rendered":"Mais de 600 atletas participam das disputas de v\u00f4lei e basquete no Paran\u00e1"},"content":{"rendered":"\n<p><em>Col\u00e9gio Evang\u00e9lico Martin Luther sediou tradicional evento da Rede Sinodal de Educa\u00e7\u00e3o<\/em><\/p>\n\n\n\n<figure class=\"wp-block-image size-large\"><img decoding=\"async\" loading=\"lazy\" width=\"1024\" height=\"683\" src=\"https:\/\/redesinodal.com.br\/mob\/wp-content\/uploads\/2025\/10\/ONASE-4-JORNAL-1-1024x683.jpg\" alt=\"\" class=\"wp-image-828\" srcset=\"https:\/\/redesinodal.com.br\/mob\/wp-content\/uploads\/2025\/10\/ONASE-4-JORNAL-1-1024x683.jpg 1024w, https:\/\/redesinodal.com.br\/mob\/wp-content\/uploads\/2025\/10\/ONASE-4-JORNAL-1-300x200.jpg 300w, https:\/\/redesinodal.com.br\/mob\/wp-content\/uploads\/2025\/10\/ONASE-4-JORNAL-1-768x512.jpg 768w, https:\/\/redesinodal.com.br\/mob\/wp-content\/uploads\/2025\/10\/ONASE-4-JORNAL-1-1536x1024.jpg 1536w, https:\/\/redesinodal.com.br\/mob\/wp-content\/uploads\/2025\/10\/ONASE-4-JORNAL-1-2048x1365.jpg 2048w, https:\/\/redesinodal.com.br\/mob\/wp-content\/uploads\/2025\/10\/ONASE-4-JORNAL-1-219x146.jpg 219w, https:\/\/redesinodal.com.br\/mob\/wp-content\/uploads\/2025\/10\/ONASE-4-JORNAL-1-50x33.jpg 50w, https:\/\/redesinodal.com.br\/mob\/wp-content\/uploads\/2025\/10\/ONASE-4-JORNAL-1-113x75.jpg 113w, https:\/\/redesinodal.com.br\/mob\/wp-content\/uploads\/2025\/10\/ONASE-4-JORNAL-1-480x320.jpg 480w\" sizes=\"(max-width: 1024px) 100vw, 1024px\" \/><figcaption class=\"wp-element-caption\">Basquete revelou talentos<\/figcaption><\/figure>\n\n\n\n<p>Entre os dias 05 e 08 de outubro ocorreu, em Marechal C\u00e2ndido Rondon\/PR, a 59\u00aa Olimp\u00edada Nacional da Rede Sinodal de Educa\u00e7\u00e3o (Onase), reunindo mais de 600 estudantes e 70 profissionais da \u00e1rea t\u00e9cnica, professores e diretores de escolas integrantes da RSE.<\/p>\n\n\n\n<figure class=\"wp-block-image size-large\"><img decoding=\"async\" loading=\"lazy\" width=\"1024\" height=\"576\" src=\"https:\/\/redesinodal.com.br\/mob\/wp-content\/uploads\/2025\/10\/ONASE-1-JORNAL-1024x576.jpg\" alt=\"\" class=\"wp-image-825\" srcset=\"https:\/\/redesinodal.com.br\/mob\/wp-content\/uploads\/2025\/10\/ONASE-1-JORNAL-1024x576.jpg 1024w, https:\/\/redesinodal.com.br\/mob\/wp-content\/uploads\/2025\/10\/ONASE-1-JORNAL-300x169.jpg 300w, https:\/\/redesinodal.com.br\/mob\/wp-content\/uploads\/2025\/10\/ONASE-1-JORNAL-768x432.jpg 768w, https:\/\/redesinodal.com.br\/mob\/wp-content\/uploads\/2025\/10\/ONASE-1-JORNAL-1536x864.jpg 1536w, https:\/\/redesinodal.com.br\/mob\/wp-content\/uploads\/2025\/10\/ONASE-1-JORNAL-2048x1152.jpg 2048w, https:\/\/redesinodal.com.br\/mob\/wp-content\/uploads\/2025\/10\/ONASE-1-JORNAL-260x146.jpg 260w, https:\/\/redesinodal.com.br\/mob\/wp-content\/uploads\/2025\/10\/ONASE-1-JORNAL-50x28.jpg 50w, https:\/\/redesinodal.com.br\/mob\/wp-content\/uploads\/2025\/10\/ONASE-1-JORNAL-133x75.jpg 133w, https:\/\/redesinodal.com.br\/mob\/wp-content\/uploads\/2025\/10\/ONASE-1-JORNAL-480x270.jpg 480w, https:\/\/redesinodal.com.br\/mob\/wp-content\/uploads\/2025\/10\/ONASE-1-JORNAL-1200x675.jpg 1200w\" sizes=\"(max-width: 1024px) 100vw, 1024px\" \/><figcaption class=\"wp-element-caption\">V\u00f4lei teve disputas emocionantes<\/figcaption><\/figure>\n\n\n\n<p>O Col\u00e9gio Evang\u00e9lico Martin Luther foi o anfitri\u00e3o para as disputas nas modalidades v\u00f4lei e basquete. Durante quatro dias, os participantes vivenciaram intensos momentos de competi\u00e7\u00e3o, integra\u00e7\u00e3o e amizade, reafirmando o papel do esporte como ferramenta de forma\u00e7\u00e3o e conviv\u00eancia.<\/p>\n\n\n\n<figure class=\"wp-block-image size-large\"><img decoding=\"async\" loading=\"lazy\" width=\"1024\" height=\"683\" src=\"https:\/\/redesinodal.com.br\/mob\/wp-content\/uploads\/2025\/10\/ONASE-2-JORNAL-1024x683.jpg\" alt=\"\" class=\"wp-image-826\" srcset=\"https:\/\/redesinodal.com.br\/mob\/wp-content\/uploads\/2025\/10\/ONASE-2-JORNAL-1024x683.jpg 1024w, https:\/\/redesinodal.com.br\/mob\/wp-content\/uploads\/2025\/10\/ONASE-2-JORNAL-300x200.jpg 300w, https:\/\/redesinodal.com.br\/mob\/wp-content\/uploads\/2025\/10\/ONASE-2-JORNAL-768x512.jpg 768w, https:\/\/redesinodal.com.br\/mob\/wp-content\/uploads\/2025\/10\/ONASE-2-JORNAL-1536x1024.jpg 1536w, https:\/\/redesinodal.com.br\/mob\/wp-content\/uploads\/2025\/10\/ONASE-2-JORNAL-2048x1366.jpg 2048w, https:\/\/redesinodal.com.br\/mob\/wp-content\/uploads\/2025\/10\/ONASE-2-JORNAL-219x146.jpg 219w, https:\/\/redesinodal.com.br\/mob\/wp-content\/uploads\/2025\/10\/ONASE-2-JORNAL-50x33.jpg 50w, https:\/\/redesinodal.com.br\/mob\/wp-content\/uploads\/2025\/10\/ONASE-2-JORNAL-112x75.jpg 112w, https:\/\/redesinodal.com.br\/mob\/wp-content\/uploads\/2025\/10\/ONASE-2-JORNAL-480x320.jpg 480w\" sizes=\"(max-width: 1024px) 100vw, 1024px\" \/><figcaption class=\"wp-element-caption\">V\u00f4lei teve disputas emocionantes<\/figcaption><\/figure>\n\n\n\n<p>Um dos pontos altos do evento foi a tradicional cerim\u00f4nia de abertura e o acendimento da Tocha Ol\u00edmpica, s\u00edmbolo maior da uni\u00e3o, da amizade e do respeito que a Onase busca cultivar entre os jovens atletas.<\/p>\n\n\n\n<p>A Olimp\u00edada \u00e9 considerada o maior evento esportivo da Rede Sinodal de Educa\u00e7\u00e3o. Anualmente \u00e9 realizada em uma das escolas integrantes, fortalecendo o esp\u00edrito de coopera\u00e7\u00e3o e o sentimento de pertencimento \u00e0 Rede.<\/p>\n\n\n\n<figure class=\"wp-block-image size-large\"><img decoding=\"async\" loading=\"lazy\" width=\"1024\" height=\"682\" src=\"https:\/\/redesinodal.com.br\/mob\/wp-content\/uploads\/2025\/10\/ONASE-6-JORNAL-1024x682.jpg\" alt=\"\" class=\"wp-image-832\" srcset=\"https:\/\/redesinodal.com.br\/mob\/wp-content\/uploads\/2025\/10\/ONASE-6-JORNAL-1024x682.jpg 1024w, https:\/\/redesinodal.com.br\/mob\/wp-content\/uploads\/2025\/10\/ONASE-6-JORNAL-300x200.jpg 300w, https:\/\/redesinodal.com.br\/mob\/wp-content\/uploads\/2025\/10\/ONASE-6-JORNAL-768x512.jpg 768w, https:\/\/redesinodal.com.br\/mob\/wp-content\/uploads\/2025\/10\/ONASE-6-JORNAL-1536x1023.jpg 1536w, https:\/\/redesinodal.com.br\/mob\/wp-content\/uploads\/2025\/10\/ONASE-6-JORNAL-2048x1364.jpg 2048w, https:\/\/redesinodal.com.br\/mob\/wp-content\/uploads\/2025\/10\/ONASE-6-JORNAL-219x146.jpg 219w, https:\/\/redesinodal.com.br\/mob\/wp-content\/uploads\/2025\/10\/ONASE-6-JORNAL-50x33.jpg 50w, https:\/\/redesinodal.com.br\/mob\/wp-content\/uploads\/2025\/10\/ONASE-6-JORNAL-113x75.jpg 113w, https:\/\/redesinodal.com.br\/mob\/wp-content\/uploads\/2025\/10\/ONASE-6-JORNAL-480x320.jpg 480w\" sizes=\"(max-width: 1024px) 100vw, 1024px\" \/><figcaption class=\"wp-element-caption\">Tradicional cerim\u00f4nia de abertura e acendimento da Tocha Ol\u00edmpica foram emocionantes<\/figcaption><\/figure>\n\n\n\n<p>O diretor do Col\u00e9gio Evang\u00e9lico Martin Luther, Ildemar Kanitz, avaliou positivamente a realiza\u00e7\u00e3o da 59\u00aa edi\u00e7\u00e3o. \u201cA avalia\u00e7\u00e3o que fizemos da Onase \u00e9 muito positiva, pois envolveu toda a comunidade escolar na acolhida de estudantes de outros estados. Para n\u00f3s foi uma alegria e um prazer organizar este tradicional e importante evento da Rede Sinodal. Vimos aqui uma alegria contagiante, muita amizade, esp\u00edrito esportivo e alto n\u00edvel de competi\u00e7\u00f5es.\u201d<\/p>\n\n\n\n<figure class=\"wp-block-image size-large\"><img decoding=\"async\" loading=\"lazy\" width=\"1024\" height=\"681\" src=\"https:\/\/redesinodal.com.br\/mob\/wp-content\/uploads\/2025\/10\/ONASE-5-JORNAL-1024x681.jpg\" alt=\"\" class=\"wp-image-830\" srcset=\"https:\/\/redesinodal.com.br\/mob\/wp-content\/uploads\/2025\/10\/ONASE-5-JORNAL-1024x681.jpg 1024w, https:\/\/redesinodal.com.br\/mob\/wp-content\/uploads\/2025\/10\/ONASE-5-JORNAL-300x200.jpg 300w, https:\/\/redesinodal.com.br\/mob\/wp-content\/uploads\/2025\/10\/ONASE-5-JORNAL-768x511.jpg 768w, https:\/\/redesinodal.com.br\/mob\/wp-content\/uploads\/2025\/10\/ONASE-5-JORNAL-1536x1022.jpg 1536w, https:\/\/redesinodal.com.br\/mob\/wp-content\/uploads\/2025\/10\/ONASE-5-JORNAL-2048x1363.jpg 2048w, https:\/\/redesinodal.com.br\/mob\/wp-content\/uploads\/2025\/10\/ONASE-5-JORNAL-219x146.jpg 219w, https:\/\/redesinodal.com.br\/mob\/wp-content\/uploads\/2025\/10\/ONASE-5-JORNAL-50x33.jpg 50w, https:\/\/redesinodal.com.br\/mob\/wp-content\/uploads\/2025\/10\/ONASE-5-JORNAL-113x75.jpg 113w, https:\/\/redesinodal.com.br\/mob\/wp-content\/uploads\/2025\/10\/ONASE-5-JORNAL-480x319.jpg 480w\" sizes=\"(max-width: 1024px) 100vw, 1024px\" \/><figcaption class=\"wp-element-caption\">&nbsp;Tradicional cerim\u00f4nia de abertura e acendimento da Tocha Ol\u00edmpica foram emocionantes<\/figcaption><\/figure>\n\n\n\n<p>A Onase proporcionou aos participantes dias de aprendizado, supera\u00e7\u00e3o e trabalho em equipe, evidenciando o compromisso das institui\u00e7\u00f5es da RSE com a forma\u00e7\u00e3o integral dos estudantes, que vai al\u00e9m do desempenho acad\u00eamico, valorizando tamb\u00e9m o desenvolvimento f\u00edsico, emocional e social.<\/p>\n\n\n\n<figure class=\"wp-block-image size-large\"><img decoding=\"async\" loading=\"lazy\" width=\"1024\" height=\"683\" src=\"https:\/\/redesinodal.com.br\/mob\/wp-content\/uploads\/2025\/10\/ONASE-7-JORNAL-1-1024x683.jpg\" alt=\"\" class=\"wp-image-831\" srcset=\"https:\/\/redesinodal.com.br\/mob\/wp-content\/uploads\/2025\/10\/ONASE-7-JORNAL-1-1024x683.jpg 1024w, https:\/\/redesinodal.com.br\/mob\/wp-content\/uploads\/2025\/10\/ONASE-7-JORNAL-1-300x200.jpg 300w, https:\/\/redesinodal.com.br\/mob\/wp-content\/uploads\/2025\/10\/ONASE-7-JORNAL-1-768x512.jpg 768w, https:\/\/redesinodal.com.br\/mob\/wp-content\/uploads\/2025\/10\/ONASE-7-JORNAL-1-1536x1024.jpg 1536w, https:\/\/redesinodal.com.br\/mob\/wp-content\/uploads\/2025\/10\/ONASE-7-JORNAL-1-2048x1365.jpg 2048w, https:\/\/redesinodal.com.br\/mob\/wp-content\/uploads\/2025\/10\/ONASE-7-JORNAL-1-219x146.jpg 219w, https:\/\/redesinodal.com.br\/mob\/wp-content\/uploads\/2025\/10\/ONASE-7-JORNAL-1-50x33.jpg 50w, https:\/\/redesinodal.com.br\/mob\/wp-content\/uploads\/2025\/10\/ONASE-7-JORNAL-1-113x75.jpg 113w, https:\/\/redesinodal.com.br\/mob\/wp-content\/uploads\/2025\/10\/ONASE-7-JORNAL-1-480x320.jpg 480w\" sizes=\"(max-width: 1024px) 100vw, 1024px\" \/><figcaption class=\"wp-element-caption\">&nbsp;Tradicional cerim\u00f4nia de abertura e acendimento da Tocha Ol\u00edmpica foram emocionantes<\/figcaption><\/figure>\n\n\n\n<p><strong>Classifica\u00e7\u00e3o final<\/strong><\/p>\n\n\n\n<p><strong>Campe\u00e3o geral<\/strong>: Col\u00e9gio Evang\u00e9lico Alberto Torres (Ceat), de Lajeado\/RS<\/p>\n\n\n\n<p><strong>S\u00e9rie Prata<\/strong><\/p>\n\n\n\n<p><strong>Basquete<\/strong><\/p>\n\n\n\n<p>Infantil Masculino: 1\u00ba Col\u00e9gio Mau\u00e1 e 2\u00ba Centro Sinodal de Ensino de Sapiranga (Duque)<\/p>\n\n\n\n<p>Infanto Masculino: 1\u00ba Col\u00e9gio Sinodal e 2\u00ba Col\u00e9gio C\u00f4nsul Carlos Renaux<\/p>\n\n\n\n<p><strong>V\u00f4lei<\/strong><\/p>\n\n\n\n<p>Infantil Masculino: 1\u00ba Centro de Ensino M\u00e9dio Pastor Dohms e 2\u00ba Col\u00e9gio Frederico Jorge Logemann (CFJL)<\/p>\n\n\n\n<p>Infantil Feminino: 1\u00ba Col\u00e9gio Evang\u00e9lico Jaragu\u00e1 e 2\u00ba Institui\u00e7\u00e3o Evang\u00e9lica de Novo Hamburgo (IENH)<\/p>\n\n\n\n<p>Infanto Masculino: 1\u00ba Col\u00e9gio Sinodal da Paz e 2\u00ba Col\u00e9gio Frederico Jorge Logemann (CFJL)<\/p>\n\n\n\n<p>Infanto Feminino: 1\u00ba Col\u00e9gio Sinodal e 2\u00ba Col\u00e9gio Mau\u00e1<\/p>\n\n\n\n<p><strong>S\u00e9rie Ouro<\/strong><\/p>\n\n\n\n<p><strong>Basquete<\/strong><\/p>\n\n\n\n<figure class=\"wp-block-image size-large\"><img decoding=\"async\" loading=\"lazy\" width=\"683\" height=\"1024\" src=\"https:\/\/redesinodal.com.br\/mob\/wp-content\/uploads\/2025\/10\/ONASE-3-JORNAL-683x1024.jpg\" alt=\"\" class=\"wp-image-827\" srcset=\"https:\/\/redesinodal.com.br\/mob\/wp-content\/uploads\/2025\/10\/ONASE-3-JORNAL-683x1024.jpg 683w, https:\/\/redesinodal.com.br\/mob\/wp-content\/uploads\/2025\/10\/ONASE-3-JORNAL-200x300.jpg 200w, https:\/\/redesinodal.com.br\/mob\/wp-content\/uploads\/2025\/10\/ONASE-3-JORNAL-768x1152.jpg 768w, https:\/\/redesinodal.com.br\/mob\/wp-content\/uploads\/2025\/10\/ONASE-3-JORNAL-1024x1536.jpg 1024w, https:\/\/redesinodal.com.br\/mob\/wp-content\/uploads\/2025\/10\/ONASE-3-JORNAL-1365x2048.jpg 1365w, https:\/\/redesinodal.com.br\/mob\/wp-content\/uploads\/2025\/10\/ONASE-3-JORNAL-97x146.jpg 97w, https:\/\/redesinodal.com.br\/mob\/wp-content\/uploads\/2025\/10\/ONASE-3-JORNAL-33x50.jpg 33w, https:\/\/redesinodal.com.br\/mob\/wp-content\/uploads\/2025\/10\/ONASE-3-JORNAL-50x75.jpg 50w, https:\/\/redesinodal.com.br\/mob\/wp-content\/uploads\/2025\/10\/ONASE-3-JORNAL-320x480.jpg 320w, https:\/\/redesinodal.com.br\/mob\/wp-content\/uploads\/2025\/10\/ONASE-3-JORNAL-scaled.jpg 1707w\" sizes=\"(max-width: 683px) 100vw, 683px\" \/><figcaption class=\"wp-element-caption\">Basquete revelou talentos<\/figcaption><\/figure>\n\n\n\n<p>Infantil Masculino: 1\u00ba Escola Bar\u00e3o do Rio Branco, 2\u00ba Col\u00e9gio Evang\u00e9lico Alberto Torres (Ceat), 3\u00ba Col\u00e9gio Sinodal e 4\u00ba Instituto Sinodal da Paz<\/p>\n\n\n\n<p>Infantil Feminino: 1\u00ba Col\u00e9gio Mau\u00e1, 2\u00ba Instituto Sinodal da Paz, 3\u00ba Col\u00e9gio Evang\u00e9lico Alberto Torres (Ceat) e 4\u00ba Col\u00e9gio Sinodal<\/p>\n\n\n\n<p>Infanto Masculino: 1\u00ba Col\u00e9gio Evang\u00e9lico Jaragu\u00e1, 2\u00ba Col\u00e9gio Evang\u00e9lico Alberto Torres (Ceat), 3\u00ba Col\u00e9gio Mau\u00e1 e 4\u00ba Centro de Ensino M\u00e9dio Pastor Dohms<\/p>\n\n\n\n<p>Infanto Feminino: 1\u00ba Col\u00e9gio Jaragu\u00e1, 2\u00ba Col\u00e9gio Mau\u00e1, 3\u00ba Col\u00e9gio Sinodal e 4\u00ba Centro de Ensino M\u00e9dio Pastor Dohms<\/p>\n\n\n\n<p><strong>V\u00f4lei<\/strong><\/p>\n\n\n\n<p>Infantil Masculino: 1\u00ba Escola Bar\u00e3o do Rio Branco, 2\u00ba Col\u00e9gio Sinodal, 3\u00ba Col\u00e9gio Evang\u00e9lico Alberto Torres (Ceat) e 4\u00ba Col\u00e9gio Evang\u00e9lico Martin Luther<\/p>\n\n\n\n<p>Infantil Feminino: 1\u00ba Col\u00e9gio Evang\u00e9lico Martin Luther, 2\u00ba Col\u00e9gio Evang\u00e9lico Alberto Torres (Ceat), 3\u00ba Col\u00e9gio Mau\u00e1 e 4\u00ba Col\u00e9gio Evang\u00e9lico Panambi (CEP)<\/p>\n\n\n\n<p>Infanto Masculino: 1\u00ba Centro de Ensino M\u00e9dio Pastor Dohms, 2\u00ba Col\u00e9gio Mau\u00e1, 3\u00ba Col\u00e9gio Sinodal e 4\u00ba Col\u00e9gio Evang\u00e9lico Alberto Torres (Ceat)<\/p>\n\n\n\n<p>Infanto Feminino: 1\u00ba Col\u00e9gio Evang\u00e9lico Martin Luther, 2\u00ba Col\u00e9gio Teut\u00f4nia, 3\u00ba Institui\u00e7\u00e3o Evang\u00e9lica de Novo Hamburgo (IENH) e 4\u00ba Col\u00e9gio Evang\u00e9lico Alberto Torres (Ceat)<\/p>\n\n\n\n<p><\/p>\n\n\n\n<p>TEXTO \u2013 Leandro Augusto Hamester<\/p>\n\n\n\n<p>CR\u00c9DITO DAS FOTOS \u2013 Divulga\u00e7\u00e3o Col\u00e9gio Evang\u00e9lico Martin Luther \/ Fabiane Regina Weiss Dupont<\/p>\n","protected":false},"excerpt":{"rendered":"<p>Col\u00e9gio Evang\u00e9lico Martin Luther sediou tradicional evento da Rede Sinodal de Educa\u00e7\u00e3o Entre os dias 05 e 08 de outubro ocorreu, em Marechal C\u00e2ndido Rondon\/PR, a<span class=\"excerpt-hellip\"> [\u2026]<\/span><\/p>\n","protected":false},"author":2,"featured_media":831,"comment_status":"open","ping_status":"open","sticky":false,"template":"","format":"standard","meta":[],"categories":[1],"tags":[],"_links":{"self":[{"href":"https:\/\/redesinodal.com.br\/mob\/wp-json\/wp\/v2\/posts\/824"}],"collection":[{"href":"https:\/\/redesinodal.com.br\/mob\/wp-json\/wp\/v2\/posts"}],"about":[{"href":"https:\/\/redesinodal.com.br\/mob\/wp-json\/wp\/v2\/types\/post"}],"author":[{"embeddable":true,"href":"https:\/\/redesinodal.com.br\/mob\/wp-json\/wp\/v2\/users\/2"}],"replies":[{"embeddable":true,"href":"https:\/\/redesinodal.com.br\/mob\/wp-json\/wp\/v2\/comments?post=824"}],"version-history":[{"count":2,"href":"https:\/\/redesinodal.com.br\/mob\/wp-json\/wp\/v2\/posts\/824\/revisions"}],"predecessor-version":[{"id":834,"href":"https:\/\/redesinodal.com.br\/mob\/wp-json\/wp\/v2\/posts\/824\/revisions\/834"}],"wp:featuredmedia":[{"embeddable":true,"href":"https:\/\/redesinodal.com.br\/mob\/wp-json\/wp\/v2\/media\/831"}],"wp:attachment":[{"href":"https:\/\/redesinodal.com.br\/mob\/wp-json\/wp\/v2\/media?parent=824"}],"wp:term":[{"taxonomy":"category","embeddable":true,"href":"https:\/\/redesinodal.com.br\/mob\/wp-json\/wp\/v2\/categories?post=824"},{"taxonomy":"post_tag","embeddable":true,"href":"https:\/\/redesinodal.com.br\/mob\/wp-json\/wp\/v2\/tags?post=824"}],"curies":[{"name":"wp","href":"https:\/\/api.w.org\/{rel}","templated":true}]}}