{"id":851,"date":"2025-11-17T16:13:14","date_gmt":"2025-11-17T19:13:14","guid":{"rendered":"https:\/\/redesinodal.com.br\/mob\/?p=851"},"modified":"2025-11-17T16:43:58","modified_gmt":"2025-11-17T19:43:58","slug":"resultado-do-xi-concurso-de-redacoes-da-rede-sinodal-de-educacao-edicao-2025","status":"publish","type":"post","link":"https:\/\/redesinodal.com.br\/mob\/resultado-do-xi-concurso-de-redacoes-da-rede-sinodal-de-educacao-edicao-2025\/","title":{"rendered":"Resultado do XI Concurso de Reda\u00e7\u00f5es da Rede Sinodal de Educa\u00e7\u00e3o &#8211; Edi\u00e7\u00e3o 2025"},"content":{"rendered":"\n<p>Com alegria, informamos o resultado do <strong>XI Concurso de Reda\u00e7\u00f5es da Rede Sinodal de Educa\u00e7\u00e3o \u2013 Edi\u00e7\u00e3o 2025<\/strong>, cujo tema foi: <strong>\u201cDesafios para enfrentar a falta de concentra\u00e7\u00e3o dos estudantes nas escolas brasileiras\u201d.<\/strong> A iniciativa contou com o patroc\u00ednio da <strong>Editora do Brasil<\/strong> e premiar\u00e1 os estudantes que conquistaram as tr\u00eas primeiras coloca\u00e7\u00f5es, conforme regulamento.<\/p>\n\n\n\n<p>O concurso mobilizou estudantes do <strong>Ensino M\u00e9dio<\/strong> e dos <strong>Anos Finais do Ensino Fundamental<\/strong>, convidando-os a refletir sobre os fatores que afetam a aten\u00e7\u00e3o no ambiente escolar \u2014 como o excesso de est\u00edmulos digitais, a sobrecarga emocional e a aus\u00eancia de metodologias engajadoras \u2014 e a propor solu\u00e7\u00f5es que respeitem os direitos humanos e promovam o bem-estar estudantil.<\/p>\n\n\n\n<p>A comiss\u00e3o avaliadora destacou a <strong>qualidade argumentativa<\/strong> dos textos e a <strong>sensibilidade<\/strong> com que os participantes abordaram um tema t\u00e3o atual e relevante.<\/p>\n\n\n\n<p>A iniciativa, realizada pelas escolas da Rede, contou novamente com o apoio da <strong>Editora do Brasil<\/strong>, refor\u00e7ando seu compromisso com a valoriza\u00e7\u00e3o da leitura, da escrita e da forma\u00e7\u00e3o cidad\u00e3.<\/p>\n\n\n\n<p>A Rede Sinodal celebra o engajamento dos estudantes e professores, reafirmando seu compromisso com uma educa\u00e7\u00e3o que respeita os direitos humanos, promove o pensamento cr\u00edtico e prepara crian\u00e7as e jovens para os desafios contempor\u00e2neos. <strong>A pr\u00f3xima edi\u00e7\u00e3o do concurso j\u00e1 est\u00e1 sendo planejada!<\/strong><\/p>\n\n\n\n<p><strong>Parab\u00e9ns aos estudantes pelo excelente resultado!<\/strong><\/p>\n\n\n\n<figure class=\"wp-block-table\"><table><tbody><tr><td>Institui\u00e7\u00e3o<\/td><td>Nome do estudante<\/td><td>Pseud\u00f4nimo<\/td><td><\/td><\/tr><tr><td>Col\u00e9gio Evang\u00e9lico Martin Luther<\/td><td>J\u00falia Laura Lizzoni<\/td><td>Serena Maria de Rocha Lima<\/td><td>1\u00ba lugar<\/td><\/tr><tr><td>CEAT<\/td><td>Ulisses H. Fiegenbaum<\/td><td>Thor<\/td><td>2\u00ba lugar<\/td><\/tr><tr><td>CEAT<\/td><td>Carolina Oliveira R. Ferreira<\/td><td>Lorax<\/td><td>3\u00ba lugar<\/td><\/tr><tr><td>Col\u00e9gio C\u00f4nsul Carlos Renaux<\/td><td>Michele Liana Schneider Campos<\/td><td>Elinha<\/td><td>4\u00ba lugar<\/td><\/tr><tr><td>CEAT &#8211; RA<\/td><td>Marina do Amaral Gonzatti<\/td><td>Marina do A. Gonzatti<\/td><td>5\u00ba lugar<\/td><\/tr><tr><td>CEAT<\/td><td>Eduarda Hepp<\/td><td>Claire Chen<\/td><td>5\u00ba lugar<\/td><\/tr><\/tbody><\/table><\/figure>\n\n\n\n<figure class=\"wp-block-image size-large\"><img decoding=\"async\" loading=\"lazy\" width=\"1024\" height=\"576\" src=\"https:\/\/redesinodal.com.br\/mob\/wp-content\/uploads\/2025\/11\/1o-lugar-B-_1_-1-1024x576.png\" alt=\"\" class=\"wp-image-853\" srcset=\"https:\/\/redesinodal.com.br\/mob\/wp-content\/uploads\/2025\/11\/1o-lugar-B-_1_-1-1024x576.png 1024w, https:\/\/redesinodal.com.br\/mob\/wp-content\/uploads\/2025\/11\/1o-lugar-B-_1_-1-300x169.png 300w, https:\/\/redesinodal.com.br\/mob\/wp-content\/uploads\/2025\/11\/1o-lugar-B-_1_-1-768x432.png 768w, https:\/\/redesinodal.com.br\/mob\/wp-content\/uploads\/2025\/11\/1o-lugar-B-_1_-1-1536x864.png 1536w, https:\/\/redesinodal.com.br\/mob\/wp-content\/uploads\/2025\/11\/1o-lugar-B-_1_-1-2048x1152.png 2048w, https:\/\/redesinodal.com.br\/mob\/wp-content\/uploads\/2025\/11\/1o-lugar-B-_1_-1-260x146.png 260w, https:\/\/redesinodal.com.br\/mob\/wp-content\/uploads\/2025\/11\/1o-lugar-B-_1_-1-50x28.png 50w, https:\/\/redesinodal.com.br\/mob\/wp-content\/uploads\/2025\/11\/1o-lugar-B-_1_-1-133x75.png 133w, https:\/\/redesinodal.com.br\/mob\/wp-content\/uploads\/2025\/11\/1o-lugar-B-_1_-1-480x270.png 480w, https:\/\/redesinodal.com.br\/mob\/wp-content\/uploads\/2025\/11\/1o-lugar-B-_1_-1-1200x675.png 1200w\" sizes=\"(max-width: 1024px) 100vw, 1024px\" \/><\/figure>\n\n\n\n<figure class=\"wp-block-image size-large\"><img decoding=\"async\" loading=\"lazy\" width=\"1024\" height=\"683\" src=\"https:\/\/redesinodal.com.br\/mob\/wp-content\/uploads\/2025\/11\/2-lugar-1024x683.jpg\" alt=\"\" class=\"wp-image-854\" srcset=\"https:\/\/redesinodal.com.br\/mob\/wp-content\/uploads\/2025\/11\/2-lugar-1024x683.jpg 1024w, https:\/\/redesinodal.com.br\/mob\/wp-content\/uploads\/2025\/11\/2-lugar-300x200.jpg 300w, https:\/\/redesinodal.com.br\/mob\/wp-content\/uploads\/2025\/11\/2-lugar-768x512.jpg 768w, https:\/\/redesinodal.com.br\/mob\/wp-content\/uploads\/2025\/11\/2-lugar-1536x1024.jpg 1536w, https:\/\/redesinodal.com.br\/mob\/wp-content\/uploads\/2025\/11\/2-lugar-2048x1365.jpg 2048w, https:\/\/redesinodal.com.br\/mob\/wp-content\/uploads\/2025\/11\/2-lugar-219x146.jpg 219w, https:\/\/redesinodal.com.br\/mob\/wp-content\/uploads\/2025\/11\/2-lugar-50x33.jpg 50w, https:\/\/redesinodal.com.br\/mob\/wp-content\/uploads\/2025\/11\/2-lugar-113x75.jpg 113w, https:\/\/redesinodal.com.br\/mob\/wp-content\/uploads\/2025\/11\/2-lugar-480x320.jpg 480w\" sizes=\"(max-width: 1024px) 100vw, 1024px\" \/><\/figure>\n\n\n\n<figure class=\"wp-block-image size-large\"><img decoding=\"async\" loading=\"lazy\" width=\"1024\" height=\"683\" src=\"https:\/\/redesinodal.com.br\/mob\/wp-content\/uploads\/2025\/11\/3-lugar-1024x683.jpg\" alt=\"\" class=\"wp-image-855\" srcset=\"https:\/\/redesinodal.com.br\/mob\/wp-content\/uploads\/2025\/11\/3-lugar-1024x683.jpg 1024w, https:\/\/redesinodal.com.br\/mob\/wp-content\/uploads\/2025\/11\/3-lugar-300x200.jpg 300w, https:\/\/redesinodal.com.br\/mob\/wp-content\/uploads\/2025\/11\/3-lugar-768x512.jpg 768w, https:\/\/redesinodal.com.br\/mob\/wp-content\/uploads\/2025\/11\/3-lugar-1536x1024.jpg 1536w, https:\/\/redesinodal.com.br\/mob\/wp-content\/uploads\/2025\/11\/3-lugar-2048x1365.jpg 2048w, https:\/\/redesinodal.com.br\/mob\/wp-content\/uploads\/2025\/11\/3-lugar-219x146.jpg 219w, https:\/\/redesinodal.com.br\/mob\/wp-content\/uploads\/2025\/11\/3-lugar-50x33.jpg 50w, https:\/\/redesinodal.com.br\/mob\/wp-content\/uploads\/2025\/11\/3-lugar-113x75.jpg 113w, https:\/\/redesinodal.com.br\/mob\/wp-content\/uploads\/2025\/11\/3-lugar-480x320.jpg 480w\" sizes=\"(max-width: 1024px) 100vw, 1024px\" \/><\/figure>\n","protected":false},"excerpt":{"rendered":"<p>Com alegria, informamos o resultado do XI Concurso de Reda\u00e7\u00f5es da Rede Sinodal de Educa\u00e7\u00e3o \u2013 Edi\u00e7\u00e3o 2025, cujo tema foi: \u201cDesafios para enfrentar a falta<span class=\"excerpt-hellip\"> [\u2026]<\/span><\/p>\n","protected":false},"author":2,"featured_media":853,"comment_status":"open","ping_status":"open","sticky":false,"template":"","format":"standard","meta":[],"categories":[1],"tags":[],"_links":{"self":[{"href":"https:\/\/redesinodal.com.br\/mob\/wp-json\/wp\/v2\/posts\/851"}],"collection":[{"href":"https:\/\/redesinodal.com.br\/mob\/wp-json\/wp\/v2\/posts"}],"about":[{"href":"https:\/\/redesinodal.com.br\/mob\/wp-json\/wp\/v2\/types\/post"}],"author":[{"embeddable":true,"href":"https:\/\/redesinodal.com.br\/mob\/wp-json\/wp\/v2\/users\/2"}],"replies":[{"embeddable":true,"href":"https:\/\/redesinodal.com.br\/mob\/wp-json\/wp\/v2\/comments?post=851"}],"version-history":[{"count":2,"href":"https:\/\/redesinodal.com.br\/mob\/wp-json\/wp\/v2\/posts\/851\/revisions"}],"predecessor-version":[{"id":858,"href":"https:\/\/redesinodal.com.br\/mob\/wp-json\/wp\/v2\/posts\/851\/revisions\/858"}],"wp:featuredmedia":[{"embeddable":true,"href":"https:\/\/redesinodal.com.br\/mob\/wp-json\/wp\/v2\/media\/853"}],"wp:attachment":[{"href":"https:\/\/redesinodal.com.br\/mob\/wp-json\/wp\/v2\/media?parent=851"}],"wp:term":[{"taxonomy":"category","embeddable":true,"href":"https:\/\/redesinodal.com.br\/mob\/wp-json\/wp\/v2\/categories?post=851"},{"taxonomy":"post_tag","embeddable":true,"href":"https:\/\/redesinodal.com.br\/mob\/wp-json\/wp\/v2\/tags?post=851"}],"curies":[{"name":"wp","href":"https:\/\/api.w.org\/{rel}","templated":true}]}}