{"id":899,"date":"2026-04-24T10:05:41","date_gmt":"2026-04-24T13:05:41","guid":{"rendered":"https:\/\/redesinodal.com.br\/mob\/?p=899"},"modified":"2026-04-24T10:07:59","modified_gmt":"2026-04-24T13:07:59","slug":"encontro-nacional-reune-liderancas-estudantis-da-rede-sinodal-em-quatro-regioes-do-sul-do-pais","status":"publish","type":"post","link":"https:\/\/redesinodal.com.br\/mob\/encontro-nacional-reune-liderancas-estudantis-da-rede-sinodal-em-quatro-regioes-do-sul-do-pais\/","title":{"rendered":"Encontro nacional re\u00fane lideran\u00e7as estudantis da Rede Sinodal em quatro regi\u00f5es do Sul do pa\u00eds"},"content":{"rendered":"\n<p><em>Evento ocorreu nos dias 10 e 11 de abril, com atividades simult\u00e2neas e foco em conex\u00f5es, di\u00e1logo e a\u00e7\u00e3o juvenil<\/em><\/p>\n\n\n\n<p>O 31\u00ba Encontro Nacional de Lideran\u00e7as Estudantis da Rede Sinodal de Educa\u00e7\u00e3o foi realizado nos dias 10 e 11 de abril, reunindo estudantes de diferentes escolas em quatro sedes simult\u00e2neas no Sul do Brasil. Com o tema \u201cConex\u00f5es que transformam: redes, di\u00e1logos e a\u00e7\u00e3o juvenil no s\u00e9culo XXI\u201d, a iniciativa teve como objetivo fortalecer o protagonismo juvenil e promover a integra\u00e7\u00e3o entre as institui\u00e7\u00f5es da Rede.<\/p>\n\n\n\n<p>O p\u00fablico-alvo foi composto por estudantes com perfil de lideran\u00e7a na RSE, da 1\u00aa e 2\u00aa s\u00e9rie do Ensino M\u00e9dio, al\u00e9m de alunos do 9\u00ba ano do Ensino Fundamental de escolas que n\u00e3o possuem Ensino M\u00e9dio. Durante o encontro, os participantes foram hospedados em casas de fam\u00edlias das comunidades locais, refor\u00e7ando o car\u00e1ter de integra\u00e7\u00e3o e acolhimento.<\/p>\n\n\n\n<p>A proposta do evento buscou promover reflex\u00f5es sobre lideran\u00e7a, incentivar a conex\u00e3o entre teoria e pr\u00e1tica e estimular a participa\u00e7\u00e3o ativa dos jovens na gest\u00e3o escolar. Tamb\u00e9m foram trabalhadas compet\u00eancias como \u00e9tica, comunica\u00e7\u00e3o assertiva e finan\u00e7as pessoais, al\u00e9m da constru\u00e7\u00e3o de redes de coopera\u00e7\u00e3o entre estudantes.<\/p>\n\n\n\n<p>O diretor executivo da Rede Sinodal de Educa\u00e7\u00e3o, Jonas R\u00fcckert, destacou a import\u00e2ncia da forma\u00e7\u00e3o de lideran\u00e7as no contexto institucional. \u201cPara a educa\u00e7\u00e3o luterana, formar l\u00edderes \u00e9 um compromisso com essa Rede. Desejamos potencializar jovens que saibam interpretar o mundo, fortalecer v\u00ednculos e agir de forma transformadora, garantindo que nossas institui\u00e7\u00f5es continuem sendo agentes de mudan\u00e7a social\u201d, afirmou.<\/p>\n\n\n\n<p>O encontro \u00e9 uma iniciativa consolidada da Rede Sinodal, com organiza\u00e7\u00e3o compartilhada entre as escolas-sede, respons\u00e1veis pelo planejamento e execu\u00e7\u00e3o das atividades. A proposta tamb\u00e9m busca proporcionar experi\u00eancias pr\u00e1ticas em gest\u00e3o e hospitalidade, al\u00e9m de fortalecer os v\u00ednculos entre diferentes realidades escolares.<\/p>\n\n\n\n<p><strong>Regi\u00e3o Miss\u00f5es | Giru\u00e1\/RS<\/strong><\/p>\n\n\n\n<p>Sediado pelo Col\u00e9gio Evang\u00e9lico Rui Barbosa (CERB), o encontro na Regi\u00e3o Miss\u00f5es promoveu reflex\u00f5es e viv\u00eancias voltadas ao desenvolvimento da lideran\u00e7a estudantil contempor\u00e2nea. A programa\u00e7\u00e3o abordou temas como lideran\u00e7a inspiradora, empreendedorismo jovem e constru\u00e7\u00e3o de legado.<\/p>\n\n\n\n<figure class=\"wp-block-image size-large\"><img decoding=\"async\" loading=\"lazy\" width=\"1024\" height=\"732\" src=\"https:\/\/redesinodal.com.br\/mob\/wp-content\/uploads\/2026\/04\/GIRUA-1-JORNAL-1024x732.jpg\" alt=\"\" class=\"wp-image-906\" srcset=\"https:\/\/redesinodal.com.br\/mob\/wp-content\/uploads\/2026\/04\/GIRUA-1-JORNAL-1024x732.jpg 1024w, https:\/\/redesinodal.com.br\/mob\/wp-content\/uploads\/2026\/04\/GIRUA-1-JORNAL-300x215.jpg 300w, https:\/\/redesinodal.com.br\/mob\/wp-content\/uploads\/2026\/04\/GIRUA-1-JORNAL-768x549.jpg 768w, https:\/\/redesinodal.com.br\/mob\/wp-content\/uploads\/2026\/04\/GIRUA-1-JORNAL-1536x1098.jpg 1536w, https:\/\/redesinodal.com.br\/mob\/wp-content\/uploads\/2026\/04\/GIRUA-1-JORNAL-204x146.jpg 204w, https:\/\/redesinodal.com.br\/mob\/wp-content\/uploads\/2026\/04\/GIRUA-1-JORNAL-50x36.jpg 50w, https:\/\/redesinodal.com.br\/mob\/wp-content\/uploads\/2026\/04\/GIRUA-1-JORNAL-105x75.jpg 105w, https:\/\/redesinodal.com.br\/mob\/wp-content\/uploads\/2026\/04\/GIRUA-1-JORNAL-480x343.jpg 480w, https:\/\/redesinodal.com.br\/mob\/wp-content\/uploads\/2026\/04\/GIRUA-1-JORNAL.jpg 1600w\" sizes=\"(max-width: 1024px) 100vw, 1024px\" \/><figcaption class=\"wp-element-caption\">Eventos ocorreram em Giru\u00e1\/RS, Taquara\/RS, Pomerode\/SC e Roca Sales\/RS<\/figcaption><\/figure>\n\n\n\n<p>As atividades inclu\u00edram palestras, pain\u00e9is, din\u00e2micas, oficinas e momentos de integra\u00e7\u00e3o, al\u00e9m de visita t\u00e9cnica e apresenta\u00e7\u00f5es culturais. Entre os destaques estiveram a palestra \u201cConex\u00f5es que transformam\u201d, com Leonardo Koglin e J\u00e9ssica Donini Pedroso; palestra &#8220;Lideran\u00e7a inspiradora: construindo legado atrav\u00e9s das pessoas&#8221;, com \u00canio Corr\u00eaa; e painel \u201cJovens empreendedores, conquistas e desafios no s\u00e9culo XXI\u201d, com Aline Pieniz, Jos\u00e9 Paulo Taborda e Jo\u00e3o Gabriel Sparrenberger.<\/p>\n\n\n\n<figure class=\"wp-block-image size-large\"><img decoding=\"async\" loading=\"lazy\" width=\"1024\" height=\"591\" src=\"https:\/\/redesinodal.com.br\/mob\/wp-content\/uploads\/2026\/04\/GIRUA-20-JORNAL-1-1024x591.jpg\" alt=\"\" class=\"wp-image-907\" srcset=\"https:\/\/redesinodal.com.br\/mob\/wp-content\/uploads\/2026\/04\/GIRUA-20-JORNAL-1-1024x591.jpg 1024w, https:\/\/redesinodal.com.br\/mob\/wp-content\/uploads\/2026\/04\/GIRUA-20-JORNAL-1-300x173.jpg 300w, https:\/\/redesinodal.com.br\/mob\/wp-content\/uploads\/2026\/04\/GIRUA-20-JORNAL-1-768x443.jpg 768w, https:\/\/redesinodal.com.br\/mob\/wp-content\/uploads\/2026\/04\/GIRUA-20-JORNAL-1-1536x886.jpg 1536w, https:\/\/redesinodal.com.br\/mob\/wp-content\/uploads\/2026\/04\/GIRUA-20-JORNAL-1-253x146.jpg 253w, https:\/\/redesinodal.com.br\/mob\/wp-content\/uploads\/2026\/04\/GIRUA-20-JORNAL-1-50x29.jpg 50w, https:\/\/redesinodal.com.br\/mob\/wp-content\/uploads\/2026\/04\/GIRUA-20-JORNAL-1-130x75.jpg 130w, https:\/\/redesinodal.com.br\/mob\/wp-content\/uploads\/2026\/04\/GIRUA-20-JORNAL-1-480x277.jpg 480w, https:\/\/redesinodal.com.br\/mob\/wp-content\/uploads\/2026\/04\/GIRUA-20-JORNAL-1.jpg 1583w\" sizes=\"(max-width: 1024px) 100vw, 1024px\" \/><figcaption class=\"wp-element-caption\">Eventos ocorreram em Giru\u00e1\/RS, Taquara\/RS, Pomerode\/SC e Roca Sales\/RS<\/figcaption><\/figure>\n\n\n\n<p>A diretora Marisete da Luz ressaltou a relev\u00e2ncia da experi\u00eancia. \u201cSediar este encontro foi extremamente significativo. Vivenciamos o valor de estar em rede, fortalecendo la\u00e7os e reafirmando o compromisso com a forma\u00e7\u00e3o integral dos estudantes. Levamos aprendizagens e a certeza de que momentos como este fortalecem a miss\u00e3o da Rede Sinodal de Educa\u00e7\u00e3o\u201d, destacou.<\/p>\n\n\n\n<p><strong>Regi\u00e3o Meridional | Taquara\/RS<\/strong><\/p>\n\n\n\n<p>No Centro Sinodal de Ensino M\u00e9dio Dorothea Sch\u00e4fke, o encontro foi marcado por momentos de integra\u00e7\u00e3o e reflex\u00e3o sobre o protagonismo juvenil. Entre os destaques, a programa\u00e7\u00e3o contou com a palestra \u201cJuventude em a\u00e7\u00e3o e lideran\u00e7a transformadora\u201d, ministrada pelo psic\u00f3logo \u00c9der Ulmann, abordando lideran\u00e7a e o papel dos jovens como agentes de transforma\u00e7\u00e3o.<\/p>\n\n\n\n<figure class=\"wp-block-image size-large\"><img decoding=\"async\" loading=\"lazy\" width=\"1024\" height=\"845\" src=\"https:\/\/redesinodal.com.br\/mob\/wp-content\/uploads\/2026\/04\/Taquara-2-1024x845.jpg\" alt=\"\" class=\"wp-image-901\" srcset=\"https:\/\/redesinodal.com.br\/mob\/wp-content\/uploads\/2026\/04\/Taquara-2-1024x845.jpg 1024w, https:\/\/redesinodal.com.br\/mob\/wp-content\/uploads\/2026\/04\/Taquara-2-300x248.jpg 300w, https:\/\/redesinodal.com.br\/mob\/wp-content\/uploads\/2026\/04\/Taquara-2-768x634.jpg 768w, https:\/\/redesinodal.com.br\/mob\/wp-content\/uploads\/2026\/04\/Taquara-2-1536x1268.jpg 1536w, https:\/\/redesinodal.com.br\/mob\/wp-content\/uploads\/2026\/04\/Taquara-2-2048x1690.jpg 2048w, https:\/\/redesinodal.com.br\/mob\/wp-content\/uploads\/2026\/04\/Taquara-2-177x146.jpg 177w, https:\/\/redesinodal.com.br\/mob\/wp-content\/uploads\/2026\/04\/Taquara-2-50x41.jpg 50w, https:\/\/redesinodal.com.br\/mob\/wp-content\/uploads\/2026\/04\/Taquara-2-91x75.jpg 91w, https:\/\/redesinodal.com.br\/mob\/wp-content\/uploads\/2026\/04\/Taquara-2-480x396.jpg 480w\" sizes=\"(max-width: 1024px) 100vw, 1024px\" \/><figcaption class=\"wp-element-caption\">Eventos ocorreram em Giru\u00e1\/RS, Taquara\/RS, Pomerode\/SC e Roca Sales\/RS<\/figcaption><\/figure>\n\n\n\n<p>Aline Rischter, orientadora educacional e coordenadora do evento, avaliou positivamente as atividades. \u201cVivenciamos momentos muito significativos de forma\u00e7\u00e3o e conex\u00e3o. Ao longo do evento, foi poss\u00edvel perceber o quanto o tema central esteve presente nas experi\u00eancias vividas. Tivemos reflex\u00f5es importantes, intercalando-as com viv\u00eancias pr\u00e1ticas, em que os estudantes puderam experimentar a lideran\u00e7a na a\u00e7\u00e3o, no di\u00e1logo e na conviv\u00eancia. A avalia\u00e7\u00e3o por parte das escolas participantes est\u00e1 sendo muito positiva, ressaltando os momentos de estudo leves e descontra\u00eddos.\u201d<\/p>\n\n\n\n<figure class=\"wp-block-image size-large\"><img decoding=\"async\" loading=\"lazy\" width=\"576\" height=\"1024\" src=\"https:\/\/redesinodal.com.br\/mob\/wp-content\/uploads\/2026\/04\/Taquara-3-576x1024.jpg\" alt=\"\" class=\"wp-image-902\" srcset=\"https:\/\/redesinodal.com.br\/mob\/wp-content\/uploads\/2026\/04\/Taquara-3-576x1024.jpg 576w, https:\/\/redesinodal.com.br\/mob\/wp-content\/uploads\/2026\/04\/Taquara-3-169x300.jpg 169w, https:\/\/redesinodal.com.br\/mob\/wp-content\/uploads\/2026\/04\/Taquara-3-768x1365.jpg 768w, https:\/\/redesinodal.com.br\/mob\/wp-content\/uploads\/2026\/04\/Taquara-3-864x1536.jpg 864w, https:\/\/redesinodal.com.br\/mob\/wp-content\/uploads\/2026\/04\/Taquara-3-1152x2048.jpg 1152w, https:\/\/redesinodal.com.br\/mob\/wp-content\/uploads\/2026\/04\/Taquara-3-82x146.jpg 82w, https:\/\/redesinodal.com.br\/mob\/wp-content\/uploads\/2026\/04\/Taquara-3-28x50.jpg 28w, https:\/\/redesinodal.com.br\/mob\/wp-content\/uploads\/2026\/04\/Taquara-3-42x75.jpg 42w, https:\/\/redesinodal.com.br\/mob\/wp-content\/uploads\/2026\/04\/Taquara-3-270x480.jpg 270w, https:\/\/redesinodal.com.br\/mob\/wp-content\/uploads\/2026\/04\/Taquara-3-scaled.jpg 1440w\" sizes=\"(max-width: 576px) 100vw, 576px\" \/><figcaption class=\"wp-element-caption\">Eventos ocorreram em Giru\u00e1\/RS, Taquara\/RS, Pomerode\/SC e Roca Sales\/RS<\/figcaption><\/figure>\n\n\n\n<p><strong>Regi\u00e3o Setentrional | Pomerode\/SC<\/strong><\/p>\n\n\n\n<p>O Col\u00e9gio Sinodal Doutor Blumenau recebeu lideran\u00e7as estudantis com programa\u00e7\u00e3o voltada ao desenvolvimento de compet\u00eancias t\u00e9cnicas e socioemocionais. As atividades inclu\u00edram palestras sobre Educa\u00e7\u00e3o Financeira, Empreendedorismo e Comunica\u00e7\u00e3o, al\u00e9m de visita t\u00e9cnica e din\u00e2micas de integra\u00e7\u00e3o.<\/p>\n\n\n\n<figure class=\"wp-block-image size-large\"><img decoding=\"async\" loading=\"lazy\" width=\"1024\" height=\"575\" src=\"https:\/\/redesinodal.com.br\/mob\/wp-content\/uploads\/2026\/04\/Pomerode-2-1024x575.jpg\" alt=\"\" class=\"wp-image-905\" srcset=\"https:\/\/redesinodal.com.br\/mob\/wp-content\/uploads\/2026\/04\/Pomerode-2-1024x575.jpg 1024w, https:\/\/redesinodal.com.br\/mob\/wp-content\/uploads\/2026\/04\/Pomerode-2-300x168.jpg 300w, https:\/\/redesinodal.com.br\/mob\/wp-content\/uploads\/2026\/04\/Pomerode-2-768x431.jpg 768w, https:\/\/redesinodal.com.br\/mob\/wp-content\/uploads\/2026\/04\/Pomerode-2-1536x862.jpg 1536w, https:\/\/redesinodal.com.br\/mob\/wp-content\/uploads\/2026\/04\/Pomerode-2-2048x1150.jpg 2048w, https:\/\/redesinodal.com.br\/mob\/wp-content\/uploads\/2026\/04\/Pomerode-2-260x146.jpg 260w, https:\/\/redesinodal.com.br\/mob\/wp-content\/uploads\/2026\/04\/Pomerode-2-50x28.jpg 50w, https:\/\/redesinodal.com.br\/mob\/wp-content\/uploads\/2026\/04\/Pomerode-2-134x75.jpg 134w, https:\/\/redesinodal.com.br\/mob\/wp-content\/uploads\/2026\/04\/Pomerode-2-480x269.jpg 480w, https:\/\/redesinodal.com.br\/mob\/wp-content\/uploads\/2026\/04\/Pomerode-2-1200x675.jpg 1200w\" sizes=\"(max-width: 1024px) 100vw, 1024px\" \/><figcaption class=\"wp-element-caption\">Eventos ocorreram em Giru\u00e1\/RS, Taquara\/RS, Pomerode\/SC e Roca Sales\/RS<\/figcaption><\/figure>\n\n\n\n<p>A diretora Karin Raduenz Hoeft destacou o engajamento dos participantes. \u201cO evento foi marcado por forte envolvimento de estudantes e professores. As experi\u00eancias vivenciadas servir\u00e3o de base para a atua\u00e7\u00e3o desses jovens como l\u00edderes transformadores em suas escolas e comunidades\u201d, ressaltou.<\/p>\n\n\n\n<figure class=\"wp-block-image size-large\"><img decoding=\"async\" loading=\"lazy\" width=\"1024\" height=\"584\" src=\"https:\/\/redesinodal.com.br\/mob\/wp-content\/uploads\/2026\/04\/Pomerode-3-1024x584.jpg\" alt=\"\" class=\"wp-image-900\" srcset=\"https:\/\/redesinodal.com.br\/mob\/wp-content\/uploads\/2026\/04\/Pomerode-3-1024x584.jpg 1024w, https:\/\/redesinodal.com.br\/mob\/wp-content\/uploads\/2026\/04\/Pomerode-3-300x171.jpg 300w, https:\/\/redesinodal.com.br\/mob\/wp-content\/uploads\/2026\/04\/Pomerode-3-768x438.jpg 768w, https:\/\/redesinodal.com.br\/mob\/wp-content\/uploads\/2026\/04\/Pomerode-3-1536x876.jpg 1536w, https:\/\/redesinodal.com.br\/mob\/wp-content\/uploads\/2026\/04\/Pomerode-3-2048x1168.jpg 2048w, https:\/\/redesinodal.com.br\/mob\/wp-content\/uploads\/2026\/04\/Pomerode-3-256x146.jpg 256w, https:\/\/redesinodal.com.br\/mob\/wp-content\/uploads\/2026\/04\/Pomerode-3-50x29.jpg 50w, https:\/\/redesinodal.com.br\/mob\/wp-content\/uploads\/2026\/04\/Pomerode-3-131x75.jpg 131w, https:\/\/redesinodal.com.br\/mob\/wp-content\/uploads\/2026\/04\/Pomerode-3-480x274.jpg 480w\" sizes=\"(max-width: 1024px) 100vw, 1024px\" \/><figcaption class=\"wp-element-caption\">Eventos ocorreram em Giru\u00e1\/RS, Taquara\/RS, Pomerode\/SC e Roca Sales\/RS<\/figcaption><\/figure>\n\n\n\n<p>Foram dois dias de imers\u00e3o focados no desenvolvimento de lideran\u00e7as jovens. \u201cA programa\u00e7\u00e3o conectou o aprendizado te\u00f3rico \u00e0 realidade do setor produtivo. O evento atingiu todos os objetivos propostos, sendo um prazer orientar jovens com tamanho potencial\u201d, acrescentou.<\/p>\n\n\n\n<p><strong>Regi\u00e3o Centro | Roca Sales\/RS<\/strong><\/p>\n\n\n\n<p>No Col\u00e9gio Evang\u00e9lico Alberto Torres (CEAT Regi\u00e3o Alta), a programa\u00e7\u00e3o incluiu palestras, oficinas e visita\u00e7\u00e3o ao Cristo Protetor, na cidade de Encantado\/RS. Entre os temas abordados estiveram lideran\u00e7a na era da intelig\u00eancia artificial, comunica\u00e7\u00e3o, protagonismo juvenil e o papel do l\u00edder que constr\u00f3i pontes. Participaram como palestrantes Rodrigo Dalla Vecchia, com o tema \u201cLiderar no tempo da Intelig\u00eancia Artificial: oportunidades, cuidados e o futuro que j\u00e1 come\u00e7ou\u201d; Rodrigo Martini e Fernando Weiss, no painel sobre comunica\u00e7\u00e3o e mobiliza\u00e7\u00e3o de pessoas; T\u00e2nia Fr\u00f6hlich Rodrigues na explana\u00e7\u00e3o sobre \u201cO L\u00edder Facilitador: construindo pontes em vez de muros\u201d; e Vanessa Goldoni, que conduziu a palestra \u201cProtagonismo que Transforma: li\u00e7\u00f5es do Cristo Protetor\u201d.<\/p>\n\n\n\n<figure class=\"wp-block-image size-large\"><img decoding=\"async\" loading=\"lazy\" width=\"1024\" height=\"683\" src=\"https:\/\/redesinodal.com.br\/mob\/wp-content\/uploads\/2026\/04\/Roca-Sales-2-1024x683.jpg\" alt=\"\" class=\"wp-image-903\" srcset=\"https:\/\/redesinodal.com.br\/mob\/wp-content\/uploads\/2026\/04\/Roca-Sales-2-1024x683.jpg 1024w, https:\/\/redesinodal.com.br\/mob\/wp-content\/uploads\/2026\/04\/Roca-Sales-2-300x200.jpg 300w, https:\/\/redesinodal.com.br\/mob\/wp-content\/uploads\/2026\/04\/Roca-Sales-2-768x512.jpg 768w, https:\/\/redesinodal.com.br\/mob\/wp-content\/uploads\/2026\/04\/Roca-Sales-2-1536x1024.jpg 1536w, https:\/\/redesinodal.com.br\/mob\/wp-content\/uploads\/2026\/04\/Roca-Sales-2-2048x1365.jpg 2048w, https:\/\/redesinodal.com.br\/mob\/wp-content\/uploads\/2026\/04\/Roca-Sales-2-219x146.jpg 219w, https:\/\/redesinodal.com.br\/mob\/wp-content\/uploads\/2026\/04\/Roca-Sales-2-50x33.jpg 50w, https:\/\/redesinodal.com.br\/mob\/wp-content\/uploads\/2026\/04\/Roca-Sales-2-113x75.jpg 113w, https:\/\/redesinodal.com.br\/mob\/wp-content\/uploads\/2026\/04\/Roca-Sales-2-480x320.jpg 480w\" sizes=\"(max-width: 1024px) 100vw, 1024px\" \/><figcaption class=\"wp-element-caption\">Eventos ocorreram em Giru\u00e1\/RS, Taquara\/RS, Pomerode\/SC e Roca Sales\/RS<\/figcaption><\/figure>\n\n\n\n<p>O diretor Germano Hickmann enfatizou o impacto da iniciativa. \u201cA programa\u00e7\u00e3o proporcionou experi\u00eancias que conectam jovens e comunidades. \u00c9 um prop\u00f3sito importante desenvolver a lideran\u00e7a, fortalecer valores e criar conex\u00f5es que transformam a vida desses jovens e das comunidades onde est\u00e3o inseridos. Tamb\u00e9m foi um momento especial por ser o primeiro evento sediado ap\u00f3s as cat\u00e1strofes clim\u00e1ticas dos \u00faltimos anos\u201d, destacou.<\/p>\n\n\n\n<figure class=\"wp-block-image size-large\"><img decoding=\"async\" loading=\"lazy\" width=\"1024\" height=\"683\" src=\"https:\/\/redesinodal.com.br\/mob\/wp-content\/uploads\/2026\/04\/Roca-Sales-3-1024x683.jpg\" alt=\"\" class=\"wp-image-904\" srcset=\"https:\/\/redesinodal.com.br\/mob\/wp-content\/uploads\/2026\/04\/Roca-Sales-3-1024x683.jpg 1024w, https:\/\/redesinodal.com.br\/mob\/wp-content\/uploads\/2026\/04\/Roca-Sales-3-300x200.jpg 300w, https:\/\/redesinodal.com.br\/mob\/wp-content\/uploads\/2026\/04\/Roca-Sales-3-768x512.jpg 768w, https:\/\/redesinodal.com.br\/mob\/wp-content\/uploads\/2026\/04\/Roca-Sales-3-1536x1024.jpg 1536w, https:\/\/redesinodal.com.br\/mob\/wp-content\/uploads\/2026\/04\/Roca-Sales-3-2048x1365.jpg 2048w, https:\/\/redesinodal.com.br\/mob\/wp-content\/uploads\/2026\/04\/Roca-Sales-3-219x146.jpg 219w, https:\/\/redesinodal.com.br\/mob\/wp-content\/uploads\/2026\/04\/Roca-Sales-3-50x33.jpg 50w, https:\/\/redesinodal.com.br\/mob\/wp-content\/uploads\/2026\/04\/Roca-Sales-3-112x75.jpg 112w, https:\/\/redesinodal.com.br\/mob\/wp-content\/uploads\/2026\/04\/Roca-Sales-3-480x320.jpg 480w\" sizes=\"(max-width: 1024px) 100vw, 1024px\" \/><figcaption class=\"wp-element-caption\">Eventos ocorreram em Giru\u00e1\/RS, Taquara\/RS, Pomerode\/SC e Roca Sales\/RS<\/figcaption><\/figure>\n\n\n\n<p><\/p>\n\n\n\n<p>TEXTO \u2013 Leandro Augusto Hamester<\/p>\n\n\n\n<p>CR\u00c9DITOS DAS FOTOS \u2013 Divulga\u00e7\u00e3o escolas sedes \/ Giru\u00e1 (M\u00e1rcio Silva) \/ Pomerode (Richard Goede)<\/p>\n","protected":false},"excerpt":{"rendered":"<p>Evento ocorreu nos dias 10 e 11 de abril, com atividades simult\u00e2neas e foco em conex\u00f5es, di\u00e1logo e a\u00e7\u00e3o juvenil O 31\u00ba Encontro Nacional de Lideran\u00e7as<span class=\"excerpt-hellip\"> [\u2026]<\/span><\/p>\n","protected":false},"author":2,"featured_media":904,"comment_status":"open","ping_status":"open","sticky":false,"template":"","format":"standard","meta":[],"categories":[1],"tags":[],"_links":{"self":[{"href":"https:\/\/redesinodal.com.br\/mob\/wp-json\/wp\/v2\/posts\/899"}],"collection":[{"href":"https:\/\/redesinodal.com.br\/mob\/wp-json\/wp\/v2\/posts"}],"about":[{"href":"https:\/\/redesinodal.com.br\/mob\/wp-json\/wp\/v2\/types\/post"}],"author":[{"embeddable":true,"href":"https:\/\/redesinodal.com.br\/mob\/wp-json\/wp\/v2\/users\/2"}],"replies":[{"embeddable":true,"href":"https:\/\/redesinodal.com.br\/mob\/wp-json\/wp\/v2\/comments?post=899"}],"version-history":[{"count":1,"href":"https:\/\/redesinodal.com.br\/mob\/wp-json\/wp\/v2\/posts\/899\/revisions"}],"predecessor-version":[{"id":908,"href":"https:\/\/redesinodal.com.br\/mob\/wp-json\/wp\/v2\/posts\/899\/revisions\/908"}],"wp:featuredmedia":[{"embeddable":true,"href":"https:\/\/redesinodal.com.br\/mob\/wp-json\/wp\/v2\/media\/904"}],"wp:attachment":[{"href":"https:\/\/redesinodal.com.br\/mob\/wp-json\/wp\/v2\/media?parent=899"}],"wp:term":[{"taxonomy":"category","embeddable":true,"href":"https:\/\/redesinodal.com.br\/mob\/wp-json\/wp\/v2\/categories?post=899"},{"taxonomy":"post_tag","embeddable":true,"href":"https:\/\/redesinodal.com.br\/mob\/wp-json\/wp\/v2\/tags?post=899"}],"curies":[{"name":"wp","href":"https:\/\/api.w.org\/{rel}","templated":true}]}}