{"id":909,"date":"2026-04-29T13:36:08","date_gmt":"2026-04-29T16:36:08","guid":{"rendered":"https:\/\/redesinodal.com.br\/mob\/?p=909"},"modified":"2026-04-29T13:36:09","modified_gmt":"2026-04-29T16:36:09","slug":"encontro-nacional-reune-mais-de-100-professores-de-lingua-portuguesa-em-santa-catarina","status":"publish","type":"post","link":"https:\/\/redesinodal.com.br\/mob\/encontro-nacional-reune-mais-de-100-professores-de-lingua-portuguesa-em-santa-catarina\/","title":{"rendered":"Encontro nacional re\u00fane mais de 100 professores de L\u00edngua Portuguesa em Santa Catarina"},"content":{"rendered":"\n<p><em>Organizado pelo Col\u00e9gio Evang\u00e9lico Jaragu\u00e1, evento da Rede Sinodal promove troca de experi\u00eancias e debate sobre pr\u00e1ticas pedag\u00f3gicas, tecnologia e aprendizagem<\/em><\/p>\n\n\n\n<p>Nos dias 24 e 25 de abril ocorreu o Encontro Nacional de Professores de L\u00edngua Portuguesa da Rede Sinodal de Educa\u00e7\u00e3o. O evento foi realizado no Col\u00e9gio Evang\u00e9lico Jaragu\u00e1, em Jaragu\u00e1 do Sul\/SC, e teve como tema \u201cL\u00edngua Portuguesa em cena: pr\u00e1ticas, performances e aprendizagens\u201d. A programa\u00e7\u00e3o reuniu 116 docentes da \u00e1rea, fortalecendo a forma\u00e7\u00e3o continuada e a integra\u00e7\u00e3o entre profissionais da Educa\u00e7\u00e3o B\u00e1sica.<\/p>\n\n\n\n<figure class=\"wp-block-image size-large\"><img decoding=\"async\" loading=\"lazy\" width=\"1024\" height=\"683\" src=\"https:\/\/redesinodal.com.br\/mob\/wp-content\/uploads\/2026\/04\/encontro-professores-lingua-portuguesa-1-JORNAL-1024x683.jpg\" alt=\"\" class=\"wp-image-911\" srcset=\"https:\/\/redesinodal.com.br\/mob\/wp-content\/uploads\/2026\/04\/encontro-professores-lingua-portuguesa-1-JORNAL-1024x683.jpg 1024w, https:\/\/redesinodal.com.br\/mob\/wp-content\/uploads\/2026\/04\/encontro-professores-lingua-portuguesa-1-JORNAL-300x200.jpg 300w, https:\/\/redesinodal.com.br\/mob\/wp-content\/uploads\/2026\/04\/encontro-professores-lingua-portuguesa-1-JORNAL-768x512.jpg 768w, https:\/\/redesinodal.com.br\/mob\/wp-content\/uploads\/2026\/04\/encontro-professores-lingua-portuguesa-1-JORNAL-1536x1024.jpg 1536w, https:\/\/redesinodal.com.br\/mob\/wp-content\/uploads\/2026\/04\/encontro-professores-lingua-portuguesa-1-JORNAL-2048x1365.jpg 2048w, https:\/\/redesinodal.com.br\/mob\/wp-content\/uploads\/2026\/04\/encontro-professores-lingua-portuguesa-1-JORNAL-219x146.jpg 219w, https:\/\/redesinodal.com.br\/mob\/wp-content\/uploads\/2026\/04\/encontro-professores-lingua-portuguesa-1-JORNAL-50x33.jpg 50w, https:\/\/redesinodal.com.br\/mob\/wp-content\/uploads\/2026\/04\/encontro-professores-lingua-portuguesa-1-JORNAL-113x75.jpg 113w, https:\/\/redesinodal.com.br\/mob\/wp-content\/uploads\/2026\/04\/encontro-professores-lingua-portuguesa-1-JORNAL-480x320.jpg 480w\" sizes=\"(max-width: 1024px) 100vw, 1024px\" \/><figcaption class=\"wp-element-caption\">Mesa principal na abertura da programa\u00e7\u00e3o<\/figcaption><\/figure>\n\n\n\n<p>Voltado a professores dos anos finais do Ensino Fundamental e do Ensino M\u00e9dio, o encontro teve como objetivo promover a troca de experi\u00eancias entre educadores que atuam em L\u00edngua Portuguesa, Literatura, Reda\u00e7\u00e3o e \u00e1reas afins, al\u00e9m de oportunizar reflex\u00f5es cr\u00edticas e aprofundamento te\u00f3rico-pr\u00e1tico sobre o ensino da disciplina.<\/p>\n\n\n\n<p>A programa\u00e7\u00e3o incluiu palestras e oficinas com temas atuais, como foco, aten\u00e7\u00e3o e neuroci\u00eancia na aprendizagem, an\u00e1lise de microdados do Enem e ensino orientado por dados. Tamb\u00e9m foram abordadas pr\u00e1ticas de leitura, escrita argumentativa, uso da intelig\u00eancia artificial na educa\u00e7\u00e3o e o funcionamento do c\u00e9rebro no processo de leitura.<\/p>\n\n\n\n<figure class=\"wp-block-image size-full\"><img decoding=\"async\" loading=\"lazy\" width=\"960\" height=\"664\" src=\"https:\/\/redesinodal.com.br\/mob\/wp-content\/uploads\/2026\/04\/encontro-professores-lingua-portuguesa-2-JORNAIS.jpg\" alt=\"\" class=\"wp-image-912\" srcset=\"https:\/\/redesinodal.com.br\/mob\/wp-content\/uploads\/2026\/04\/encontro-professores-lingua-portuguesa-2-JORNAIS.jpg 960w, https:\/\/redesinodal.com.br\/mob\/wp-content\/uploads\/2026\/04\/encontro-professores-lingua-portuguesa-2-JORNAIS-300x208.jpg 300w, https:\/\/redesinodal.com.br\/mob\/wp-content\/uploads\/2026\/04\/encontro-professores-lingua-portuguesa-2-JORNAIS-768x531.jpg 768w, https:\/\/redesinodal.com.br\/mob\/wp-content\/uploads\/2026\/04\/encontro-professores-lingua-portuguesa-2-JORNAIS-211x146.jpg 211w, https:\/\/redesinodal.com.br\/mob\/wp-content\/uploads\/2026\/04\/encontro-professores-lingua-portuguesa-2-JORNAIS-50x35.jpg 50w, https:\/\/redesinodal.com.br\/mob\/wp-content\/uploads\/2026\/04\/encontro-professores-lingua-portuguesa-2-JORNAIS-108x75.jpg 108w, https:\/\/redesinodal.com.br\/mob\/wp-content\/uploads\/2026\/04\/encontro-professores-lingua-portuguesa-2-JORNAIS-480x332.jpg 480w\" sizes=\"(max-width: 960px) 100vw, 960px\" \/><figcaption class=\"wp-element-caption\">Programa\u00e7\u00e3o incluiu palestras e oficinas<\/figcaption><\/figure>\n\n\n\n<p>Entre os destaques estiveram os workshops \u201cDa \u2018reda\u00e7\u00e3o modelo\u2019 ao projeto de texto: caminhos para o ensino da argumenta\u00e7\u00e3o\u201d, com Viviane Schier Martins; \u201cIA: eu uso, n\u00f3s usamos, eles usam \u2013 como conjugar tecnologia e pedagogia sem perder a autoria\u201d, com F\u00e1bio Aviles; \u201cArquiteturas curriculares globais e o referencial MEC para o uso de IA na escola: uma proposta lingu\u00edstica\u201d, com Vin\u00edcius Beltr\u00e3o; e \u201cOs neur\u00f4nios da leitura\u201d, com Anderson Rauber.<\/p>\n\n\n\n<figure class=\"wp-block-image size-large\"><img decoding=\"async\" loading=\"lazy\" width=\"1024\" height=\"583\" src=\"https:\/\/redesinodal.com.br\/mob\/wp-content\/uploads\/2026\/04\/encontro-professores-lingua-portuguesa-4-JORNAL-1024x583.jpg\" alt=\"\" class=\"wp-image-913\" srcset=\"https:\/\/redesinodal.com.br\/mob\/wp-content\/uploads\/2026\/04\/encontro-professores-lingua-portuguesa-4-JORNAL-1024x583.jpg 1024w, https:\/\/redesinodal.com.br\/mob\/wp-content\/uploads\/2026\/04\/encontro-professores-lingua-portuguesa-4-JORNAL-300x171.jpg 300w, https:\/\/redesinodal.com.br\/mob\/wp-content\/uploads\/2026\/04\/encontro-professores-lingua-portuguesa-4-JORNAL-768x437.jpg 768w, https:\/\/redesinodal.com.br\/mob\/wp-content\/uploads\/2026\/04\/encontro-professores-lingua-portuguesa-4-JORNAL-256x146.jpg 256w, https:\/\/redesinodal.com.br\/mob\/wp-content\/uploads\/2026\/04\/encontro-professores-lingua-portuguesa-4-JORNAL-50x28.jpg 50w, https:\/\/redesinodal.com.br\/mob\/wp-content\/uploads\/2026\/04\/encontro-professores-lingua-portuguesa-4-JORNAL-132x75.jpg 132w, https:\/\/redesinodal.com.br\/mob\/wp-content\/uploads\/2026\/04\/encontro-professores-lingua-portuguesa-4-JORNAL-480x273.jpg 480w, https:\/\/redesinodal.com.br\/mob\/wp-content\/uploads\/2026\/04\/encontro-professores-lingua-portuguesa-4-JORNAL.jpg 1280w\" sizes=\"(max-width: 1024px) 100vw, 1024px\" \/><figcaption class=\"wp-element-caption\">Programa\u00e7\u00e3o incluiu palestras e oficinas<\/figcaption><\/figure>\n\n\n\n<p>A coordenadora pedag\u00f3gica geral do Col\u00e9gio Evang\u00e9lico Jaragu\u00e1, Margareth Ripp, destacou o impacto do encontro na forma\u00e7\u00e3o docente. \u201cO evento foi extremamente significativo. Certamente, os professores retornaram \u00e0s suas escolas com uma rica bagagem de conhecimentos, constru\u00edda a partir das reflex\u00f5es promovidas nas palestras e oficinas. Al\u00e9m disso, a integra\u00e7\u00e3o e a troca de experi\u00eancias fortalecem v\u00ednculos e ampliam olhares sobre a pr\u00e1tica pedag\u00f3gica\u201d, afirmou.<\/p>\n\n\n\n<figure class=\"wp-block-image size-large\"><img decoding=\"async\" loading=\"lazy\" width=\"1024\" height=\"683\" src=\"https:\/\/redesinodal.com.br\/mob\/wp-content\/uploads\/2026\/04\/encontro-professores-lingua-portuguesa-8-JORNAIS-1024x683.jpg\" alt=\"\" class=\"wp-image-910\" srcset=\"https:\/\/redesinodal.com.br\/mob\/wp-content\/uploads\/2026\/04\/encontro-professores-lingua-portuguesa-8-JORNAIS-1024x683.jpg 1024w, https:\/\/redesinodal.com.br\/mob\/wp-content\/uploads\/2026\/04\/encontro-professores-lingua-portuguesa-8-JORNAIS-300x200.jpg 300w, https:\/\/redesinodal.com.br\/mob\/wp-content\/uploads\/2026\/04\/encontro-professores-lingua-portuguesa-8-JORNAIS-768x512.jpg 768w, https:\/\/redesinodal.com.br\/mob\/wp-content\/uploads\/2026\/04\/encontro-professores-lingua-portuguesa-8-JORNAIS-1536x1024.jpg 1536w, https:\/\/redesinodal.com.br\/mob\/wp-content\/uploads\/2026\/04\/encontro-professores-lingua-portuguesa-8-JORNAIS-2048x1365.jpg 2048w, https:\/\/redesinodal.com.br\/mob\/wp-content\/uploads\/2026\/04\/encontro-professores-lingua-portuguesa-8-JORNAIS-219x146.jpg 219w, https:\/\/redesinodal.com.br\/mob\/wp-content\/uploads\/2026\/04\/encontro-professores-lingua-portuguesa-8-JORNAIS-50x33.jpg 50w, https:\/\/redesinodal.com.br\/mob\/wp-content\/uploads\/2026\/04\/encontro-professores-lingua-portuguesa-8-JORNAIS-113x75.jpg 113w, https:\/\/redesinodal.com.br\/mob\/wp-content\/uploads\/2026\/04\/encontro-professores-lingua-portuguesa-8-JORNAIS-480x320.jpg 480w\" sizes=\"(max-width: 1024px) 100vw, 1024px\" \/><figcaption class=\"wp-element-caption\">Forma\u00e7\u00e3o reuniu 116 docentes<\/figcaption><\/figure>\n\n\n\n<p>A coordenadora pedag\u00f3gica do Turno Integral, Camila La\u00eds da Silva Costa, utilizou a met\u00e1fora da constru\u00e7\u00e3o de um texto para sintetizar a experi\u00eancia vivida. \u201cAo longo desses dias, fomos escrevendo juntos um texto coletivo, conectando reflex\u00f5es, pr\u00e1ticas e diferentes perspectivas. Cada participante leva consigo essas ideias para dar continuidade no cotidiano escolar, refor\u00e7ando a autoria e a intencionalidade no processo de ensino, especialmente em tempos de intelig\u00eancia artificial\u201d, destacou.<\/p>\n\n\n\n<p>O Encontro Nacional de Professores de L\u00edngua Portuguesa integra a programa\u00e7\u00e3o anual da Rede Sinodal de Educa\u00e7\u00e3o e, nesta edi\u00e7\u00e3o, teve organiza\u00e7\u00e3o do Col\u00e9gio Evang\u00e9lico Jaragu\u00e1. A iniciativa refor\u00e7a o compromisso da Rede com a qualifica\u00e7\u00e3o docente e com o aprimoramento das pr\u00e1ticas pedag\u00f3gicas diante dos desafios contempor\u00e2neos da educa\u00e7\u00e3o.<\/p>\n\n\n\n<p><\/p>\n\n\n\n<p>TEXTO \u2013 Leandro Augusto Hamester<\/p>\n\n\n\n<p>CR\u00c9DITO DAS FOTOS \u2013 Thays Magalh\u00e3es<\/p>\n","protected":false},"excerpt":{"rendered":"<p>Organizado pelo Col\u00e9gio Evang\u00e9lico Jaragu\u00e1, evento da Rede Sinodal promove troca de experi\u00eancias e debate sobre pr\u00e1ticas pedag\u00f3gicas, tecnologia e aprendizagem Nos dias 24 e 25<span class=\"excerpt-hellip\"> [\u2026]<\/span><\/p>\n","protected":false},"author":2,"featured_media":910,"comment_status":"open","ping_status":"open","sticky":false,"template":"","format":"standard","meta":[],"categories":[1],"tags":[],"_links":{"self":[{"href":"https:\/\/redesinodal.com.br\/mob\/wp-json\/wp\/v2\/posts\/909"}],"collection":[{"href":"https:\/\/redesinodal.com.br\/mob\/wp-json\/wp\/v2\/posts"}],"about":[{"href":"https:\/\/redesinodal.com.br\/mob\/wp-json\/wp\/v2\/types\/post"}],"author":[{"embeddable":true,"href":"https:\/\/redesinodal.com.br\/mob\/wp-json\/wp\/v2\/users\/2"}],"replies":[{"embeddable":true,"href":"https:\/\/redesinodal.com.br\/mob\/wp-json\/wp\/v2\/comments?post=909"}],"version-history":[{"count":1,"href":"https:\/\/redesinodal.com.br\/mob\/wp-json\/wp\/v2\/posts\/909\/revisions"}],"predecessor-version":[{"id":914,"href":"https:\/\/redesinodal.com.br\/mob\/wp-json\/wp\/v2\/posts\/909\/revisions\/914"}],"wp:featuredmedia":[{"embeddable":true,"href":"https:\/\/redesinodal.com.br\/mob\/wp-json\/wp\/v2\/media\/910"}],"wp:attachment":[{"href":"https:\/\/redesinodal.com.br\/mob\/wp-json\/wp\/v2\/media?parent=909"}],"wp:term":[{"taxonomy":"category","embeddable":true,"href":"https:\/\/redesinodal.com.br\/mob\/wp-json\/wp\/v2\/categories?post=909"},{"taxonomy":"post_tag","embeddable":true,"href":"https:\/\/redesinodal.com.br\/mob\/wp-json\/wp\/v2\/tags?post=909"}],"curies":[{"name":"wp","href":"https:\/\/api.w.org\/{rel}","templated":true}]}}